{"id":12,"date":"2019-07-23T16:42:06","date_gmt":"2019-07-23T19:42:06","guid":{"rendered":"https:\/\/cajamar.sp.gov.br\/editais\/?p=12"},"modified":"2019-07-23T16:42:06","modified_gmt":"2019-07-23T19:42:06","slug":"edital-de-chamamento-publico-smds-no-001-2019","status":"publish","type":"post","link":"https:\/\/cajamar.sp.gov.br\/editais\/2019\/edital-de-chamamento-publico-smds-no-001-2019\/","title":{"rendered":"EDITAL DE CHAMAMENTO P\u00daBLICO SMDS N\u00ba 001\/2019"},"content":{"rendered":"\n\t\t\t\t\n<p>A PREFEITURA DO MUNIC\u00cdPIO DE CAJAMAR, POR INTERM\u00c9DIO DA SECRETARIA MUNICIPAL DE DESENVOLVIMENTO SOCIAL, TORNA P\u00daBLICO O PRESENTE EDITAL DE CHAMAMENTO P\u00daBLICO, COM FUNDAMENTO NA LEI FEDERAL N\u00ba. 13.019\/2014, NO DECRETO MUNICIPAL N\u00ba. 5.624\/2017 E NAS LEIS OR\u00c7AMENT\u00c1RIAS MUNICIPAIS, VISANDO \u00c0 SELE\u00c7\u00c3O DE ORGANIZA\u00c7\u00c3O DA SOCIEDADE CIVIL INTERESSADA EM CELEBRAR TERMO DE COLABORA\u00c7\u00c3O COM A ADMINISTRA\u00c7\u00c3O P\u00daBLICA MUNICIPAL, PARA EXECU\u00c7\u00c3O DE SERVI\u00c7O DE CONVIV\u00caNCIA E FORTALECIMENTO DE V\u00cdNCULOS FAMILIARES E COMUNIT\u00c1RIOS NO DISTRITO DE JORDAN\u00c9SIA, COM RECURSOS PROVENIENTES DO FUNDO NACIONAL DE ASSIST\u00caNCIA SOCIAL \u2013 FNAS E FUNDO ESTADUAL DE ASSIST\u00caNCIA SOCIAL \u2013 FEAS. <\/p>\n\n\n\n<div class=\"wp-block-file\"><a href=\"https:\/\/cajamar.sp.gov.br\/editais\/wp-content\/uploads\/sites\/6\/0380848142.pdf\" target=\"_blank\" rel=\"noreferrer noopener\">Ver edital<\/a><a href=\"https:\/\/cajamar.sp.gov.br\/editais\/wp-content\/uploads\/sites\/6\/0380848142.pdf\" class=\"wp-block-file__button\" download>Baixar<\/a><\/div>\n\t\t","protected":false},"excerpt":{"rendered":"<p>A PREFEITURA DO MUNIC\u00cdPIO DE CAJAMAR, POR INTERM\u00c9DIO DA SECRETARIA MUNICIPAL DE DESENVOLVIMENTO SOCIAL, TORNA P\u00daBLICO O PRESENTE EDITAL DE CHAMAMENTO P\u00daBLICO, COM FUNDAMENTO NA LEI FEDERAL N\u00ba. 13.019\/2014, NO DECRETO MUNICIPAL N\u00ba. 5.624\/2017 E NAS LEIS OR\u00c7AMENT\u00c1RIAS MUNICIPAIS, VISANDO \u00c0 SELE\u00c7\u00c3O DE ORGANIZA\u00c7\u00c3O DA SOCIEDADE CIVIL INTERESSADA EM CELEBRAR TERMO DE COLABORA\u00c7\u00c3O COM A [&hellip;]<\/p>\n","protected":false},"author":5,"featured_media":0,"comment_status":"closed","ping_status":"closed","sticky":false,"template":"","format":"standard","meta":{"footnotes":""},"categories":[4],"class_list":["post-12","post","type-post","status-publish","format-standard","hentry","category-desenvolvimento-social"],"_links":{"self":[{"href":"https:\/\/cajamar.sp.gov.br\/editais\/wp-json\/wp\/v2\/posts\/12","targetHints":{"allow":["GET"]}}],"collection":[{"href":"https:\/\/cajamar.sp.gov.br\/editais\/wp-json\/wp\/v2\/posts"}],"about":[{"href":"https:\/\/cajamar.sp.gov.br\/editais\/wp-json\/wp\/v2\/types\/post"}],"author":[{"embeddable":true,"href":"https:\/\/cajamar.sp.gov.br\/editais\/wp-json\/wp\/v2\/users\/5"}],"replies":[{"embeddable":true,"href":"https:\/\/cajamar.sp.gov.br\/editais\/wp-json\/wp\/v2\/comments?post=12"}],"version-history":[{"count":0,"href":"https:\/\/cajamar.sp.gov.br\/editais\/wp-json\/wp\/v2\/posts\/12\/revisions"}],"wp:attachment":[{"href":"https:\/\/cajamar.sp.gov.br\/editais\/wp-json\/wp\/v2\/media?parent=12"}],"wp:term":[{"taxonomy":"category","embeddable":true,"href":"https:\/\/cajamar.sp.gov.br\/editais\/wp-json\/wp\/v2\/categories?post=12"}],"curies":[{"name":"wp","href":"https:\/\/api.w.org\/{rel}","templated":true}]}}