{"id":147,"date":"2022-04-29T09:41:56","date_gmt":"2022-04-29T12:41:56","guid":{"rendered":"https:\/\/cajamar.sp.gov.br\/meio-ambiente\/?p=147"},"modified":"2022-04-29T09:41:56","modified_gmt":"2022-04-29T12:41:56","slug":"convocacao-para-reuniao-ordinaria-do-comdema-04-05-2022","status":"publish","type":"post","link":"https:\/\/cajamar.sp.gov.br\/meio-ambiente\/2022\/04\/29\/convocacao-para-reuniao-ordinaria-do-comdema-04-05-2022\/","title":{"rendered":"CONVOCA\u00c7\u00c3O PARA REUNI\u00c3O ORDIN\u00c1RIA DO COMDEMA &#8211; 04\/05\/2022"},"content":{"rendered":"\n<p><\/p>\n\n\n\n<div data-wp-interactive=\"core\/file\" class=\"wp-block-file\"><object data-wp-bind--hidden=\"!state.hasPdfPreview\" hidden class=\"wp-block-file__embed\" data=\"https:\/\/cajamar.sp.gov.br\/meio-ambiente\/wp-content\/uploads\/sites\/18\/2022\/04\/convocacao-comdema.pdf\" type=\"application\/pdf\" style=\"width:100%;height:600px\" aria-label=\"Incorporado de Incorporado de convocacao-comdema..\"><\/object><a id=\"wp-block-file--media-4d1f0461-4fb9-46bd-b582-d9eb3e151c5f\" href=\"https:\/\/cajamar.sp.gov.br\/meio-ambiente\/wp-content\/uploads\/sites\/18\/2022\/04\/convocacao-comdema.pdf\">convocacao-comdema<\/a><a href=\"https:\/\/cajamar.sp.gov.br\/meio-ambiente\/wp-content\/uploads\/sites\/18\/2022\/04\/convocacao-comdema.pdf\" class=\"wp-block-file__button\" download aria-describedby=\"wp-block-file--media-4d1f0461-4fb9-46bd-b582-d9eb3e151c5f\">Baixar<\/a><\/div>\n","protected":false},"excerpt":{"rendered":"","protected":false},"author":27,"featured_media":0,"comment_status":"closed","ping_status":"closed","sticky":false,"template":"","format":"standard","meta":{"footnotes":""},"categories":[4],"class_list":["post-147","post","type-post","status-publish","format-standard","hentry","category-convocacoes"],"_links":{"self":[{"href":"https:\/\/cajamar.sp.gov.br\/meio-ambiente\/wp-json\/wp\/v2\/posts\/147","targetHints":{"allow":["GET"]}}],"collection":[{"href":"https:\/\/cajamar.sp.gov.br\/meio-ambiente\/wp-json\/wp\/v2\/posts"}],"about":[{"href":"https:\/\/cajamar.sp.gov.br\/meio-ambiente\/wp-json\/wp\/v2\/types\/post"}],"author":[{"embeddable":true,"href":"https:\/\/cajamar.sp.gov.br\/meio-ambiente\/wp-json\/wp\/v2\/users\/27"}],"replies":[{"embeddable":true,"href":"https:\/\/cajamar.sp.gov.br\/meio-ambiente\/wp-json\/wp\/v2\/comments?post=147"}],"version-history":[{"count":1,"href":"https:\/\/cajamar.sp.gov.br\/meio-ambiente\/wp-json\/wp\/v2\/posts\/147\/revisions"}],"predecessor-version":[{"id":150,"href":"https:\/\/cajamar.sp.gov.br\/meio-ambiente\/wp-json\/wp\/v2\/posts\/147\/revisions\/150"}],"wp:attachment":[{"href":"https:\/\/cajamar.sp.gov.br\/meio-ambiente\/wp-json\/wp\/v2\/media?parent=147"}],"wp:term":[{"taxonomy":"category","embeddable":true,"href":"https:\/\/cajamar.sp.gov.br\/meio-ambiente\/wp-json\/wp\/v2\/categories?post=147"}],"curies":[{"name":"wp","href":"https:\/\/api.w.org\/{rel}","templated":true}]}}