{"id":11577,"date":"2016-08-31T16:59:28","date_gmt":"2016-08-31T19:59:28","guid":{"rendered":"http:\/\/wphomologa.cijun.sp.gov.br\/STIMPREN\/?p=11577"},"modified":"2016-08-31T16:59:28","modified_gmt":"2016-08-31T19:59:28","slug":"saude-esclarece-duvidas-sobre-o-exame-de-mamografia","status":"publish","type":"post","link":"https:\/\/cajamar.sp.gov.br\/noticias\/2016\/08\/31\/saude-esclarece-duvidas-sobre-o-exame-de-mamografia\/","title":{"rendered":"Sa\u00fade esclarece d\u00favidas sobre o exame de mamografia"},"content":{"rendered":"<!-- id:4318 -->\n\n<div class=\"wp-block-image\">\n<figure class=\"aligncenter\">\n<img decoding=\"async\" src=\"https:\/\/cajamar.sp.gov.br\/wp-content\/uploads\/arquivo\/img4318a.jpg\" \/>\n\n<\/figure>\n<\/div>\n\n\nRealizar exame de mamografia \u00e9 um procedimento que deve fazer parte da rotina de sa\u00fade da mulher, pois permite, atrav\u00e9s da compress\u00e3o da mama, detectar precocemente o c\u00e2ncer aumentando significativamente a possibilidade de cura.<br><br>N\u00f3dulos palp\u00e1veis na mama ou nas axilas, aliados a hist\u00f3rico familiar da doen\u00e7a, s\u00e3o sinais de alerta, que necessitam de acompanhamento m\u00e9dico. Entre os fatores de risco destacam-se a idade, a menstrua\u00e7\u00e3o precoce, a menopausa e a primeira gravidez tardias (ap\u00f3s os 50 anos e 30 anos, respectivamente) e o abuso de \u00e1lcool.<br><br>Os exames de mamografia devem ser realizados anualmente em mulheres a partir dos 40 anos, por\u00e9m em casos de suspeita da doen\u00e7a dever\u00e1 ser feito a qualquer momento.<br><br>\u201cAlgumas vezes ao avaliar a mamografia o m\u00e9dico solicita que a paciente o fa\u00e7a novamente, por\u00e9m isto n\u00e3o significa d\u00favida em rela\u00e7\u00e3o \u00e0 qualidade da imagem e sim a necessidade de ampli\u00e1-la para visualizar melhor a \u00e1rea e realizar um diagn\u00f3stico mais acertado. Este processo denomina-se magnifica\u00e7\u00e3o\u201d, concluiu Elisabeth Silveira Bueno Hayashi, t\u00e9cnica respons\u00e1vel pelas mamografias na UBS do Polvilho.<br><br><b>Servi\u00e7o:<\/b><br>Mamografias na UBS Polvilho<br><br>Realiza\u00e7\u00e3o: 3\u00aas, 4\u00aas e 5\u00aas feiras (com encaminhamento m\u00e9dico)<br><br>Hor\u00e1rio: 9h \u00e0s 15h\n\n<!-- galeria:4318 -->","protected":false},"excerpt":{"rendered":"<p>\u00c0s vezes existe a necessidade de refazer o procedimento para ampliar a imagem<\/p>\n","protected":false},"author":5,"featured_media":0,"comment_status":"open","ping_status":"open","sticky":false,"template":"","format":"standard","meta":{"footnotes":""},"categories":[2],"tags":[],"posicao":[],"class_list":["post-11577","post","type-post","status-publish","format-standard","hentry","category-saude"],"_links":{"self":[{"href":"https:\/\/cajamar.sp.gov.br\/noticias\/wp-json\/wp\/v2\/posts\/11577","targetHints":{"allow":["GET"]}}],"collection":[{"href":"https:\/\/cajamar.sp.gov.br\/noticias\/wp-json\/wp\/v2\/posts"}],"about":[{"href":"https:\/\/cajamar.sp.gov.br\/noticias\/wp-json\/wp\/v2\/types\/post"}],"author":[{"embeddable":true,"href":"https:\/\/cajamar.sp.gov.br\/noticias\/wp-json\/wp\/v2\/users\/5"}],"replies":[{"embeddable":true,"href":"https:\/\/cajamar.sp.gov.br\/noticias\/wp-json\/wp\/v2\/comments?post=11577"}],"version-history":[{"count":0,"href":"https:\/\/cajamar.sp.gov.br\/noticias\/wp-json\/wp\/v2\/posts\/11577\/revisions"}],"wp:attachment":[{"href":"https:\/\/cajamar.sp.gov.br\/noticias\/wp-json\/wp\/v2\/media?parent=11577"}],"wp:term":[{"taxonomy":"category","embeddable":true,"href":"https:\/\/cajamar.sp.gov.br\/noticias\/wp-json\/wp\/v2\/categories?post=11577"},{"taxonomy":"post_tag","embeddable":true,"href":"https:\/\/cajamar.sp.gov.br\/noticias\/wp-json\/wp\/v2\/tags?post=11577"},{"taxonomy":"posicao","embeddable":true,"href":"https:\/\/cajamar.sp.gov.br\/noticias\/wp-json\/wp\/v2\/posicao?post=11577"}],"curies":[{"name":"wp","href":"https:\/\/api.w.org\/{rel}","templated":true}]}}