{"id":11580,"date":"2018-05-09T12:17:15","date_gmt":"2018-05-09T15:17:15","guid":{"rendered":"http:\/\/wphomologa.cijun.sp.gov.br\/STIMPREN\/?p=11580"},"modified":"2018-05-09T12:17:15","modified_gmt":"2018-05-09T15:17:15","slug":"membros-do-conselho-municipal-de-defesa-do-meio-ambiente-tomam-posse","status":"publish","type":"post","link":"https:\/\/cajamar.sp.gov.br\/noticias\/2018\/05\/09\/membros-do-conselho-municipal-de-defesa-do-meio-ambiente-tomam-posse\/","title":{"rendered":"Membros do Conselho Municipal de Defesa do Meio Ambiente tomam posse"},"content":{"rendered":"<!-- id:4943 -->\n\n<div class=\"wp-block-image\">\n<figure class=\"aligncenter\">\n<img decoding=\"async\" src=\"https:\/\/cajamar.sp.gov.br\/wp-content\/uploads\/arquivo\/img4943a.jpg\" \/>\n<figcaption>Representantes da sociedade civil e do poder p\u00fablicos, membros do Conselho Municipal de Meio de Ambiente para o bi\u00eanio 2018\/2019<\/figcaption>\n<\/figure>\n<\/div>\n\n\nOs novos membros do Conselho Municipal de Defesa do Meio Ambiente \u2013 COMDEMA \u2013 tomaram posse das suas atribui\u00e7\u00f5es, nesta ter\u00e7a-feira (8), conforme o decreto n\u00b05.820\/18. A nova composi\u00e7\u00e3o do Conselho \u00e9 uma iniciativa do diretor de Meio Ambiente, Carlos Guio, que tornou poss\u00edvel a participa\u00e7\u00e3o de todos os membros, assim como, que as delibera\u00e7\u00f5es praticadas pelo grupo, sejam de fato executadas, a\u00e7\u00e3o que al\u00e9m de proporcionar solu\u00e7\u00f5es adequadas dos assuntos pertinentes ao munic\u00edpio, atende as diretivas do Programa Munic\u00edpio Verde Azul, que objetiva medir e apoiar a efici\u00eancia da gest\u00e3o ambiental nas cidades.<br><br>Composto por dez membros titulares e seus respectivos suplentes, sendo cinco da sociedade civil, (dois deles de associa\u00e7\u00f5es de bairro, dois de entidades ambientalistas ou sociedade civil organizada e um membro representando a ind\u00fastria ou com\u00e9rcio do munic\u00edpio), e os outros cinco do poder p\u00fablico municipal, representados por servidores dos seguintes diretorias: Meio Ambiente; Planejamento e Desenvolvimento Urbano; Servi\u00e7os P\u00fablicos; Guarda Civil Municipal Ambiental; e Coordenadoria de Prote\u00e7\u00e3o e Defesa Civil.<br> <br>A prefeita Dalete Oliveira formalizou a posse dos membros, assim como participou da vota\u00e7\u00e3o que elegeu Adherbal Lemos da Silva como presidente do Conselho e por consentimento un\u00e2nime dos presentes, Fernando Jordani Felici, como secret\u00e1rio executivo do grupo. \u201cEstamos todos em prol do munic\u00edpio, nossa inten\u00e7\u00e3o em propor melhorias tem que ser a mesma, fazer o melhor hoje \u00e9 o que vai garantir um bom futuro para todos\u201d, afirmou a prefeita, que ainda, agradeceu \u00e0 disposi\u00e7\u00e3o e o empenho do grupo.<br><br>Fazem parte da nova composi\u00e7\u00e3o do COMDEMA, a Associa\u00e7\u00e3o Comercial e Empresarial de Cajamar (ACE), Associa\u00e7\u00e3o de Propriet\u00e1rios de Lotes de Reserva Capital Ville II e III, Associa\u00e7\u00e3o dos Amigos das Ch\u00e1caras do Ros\u00e1rio, Organiza\u00e7\u00e3o de Controle Social Esperan\u00e7a e H\u00e1cali. Qualquer morador poder\u00e1 participar das reuni\u00f5es que acontecer\u00e3o todas as primeiras quartas-feiras de cada m\u00eas, no pr\u00e9dio da Diretoria de Cidadania, em Jordan\u00e9sia.<br><br>\n\n<!-- galeria:4943 -->\n\n<ul class=\"wp-block-gallery columns-2 is-cropped wp-block-gallery-1 is-layout-flex wp-block-gallery-is-layout-flex\">\n\n<li class=\"blocks-gallery-item\">\n\n<figure>\n\n<img decoding=\"async\" src=\"https:\/\/cajamar.sp.gov.br\/wp-content\/uploads\/arquivo\/img4943b.jpg\" \/>\n\n<figcaption>O secret\u00e1rio executivo do COMDEMA Fernando Felici, a prefeita Dalete Oliveira e o presidente do conselho Adherbal Lemos da Silva<\/figcaption>\n\n<\/figure>\n\n<\/li>\n\n\n\n<\/ul>\n\n\n","protected":false},"excerpt":{"rendered":"<p>Representantes da sociedade civil e do poder p\u00fablico est\u00e3o unidos para definirem proposta e deliber\u00e1-las juntos<\/p>\n","protected":false},"author":5,"featured_media":0,"comment_status":"open","ping_status":"open","sticky":false,"template":"","format":"standard","meta":{"footnotes":""},"categories":[10],"tags":[],"posicao":[],"class_list":["post-11580","post","type-post","status-publish","format-standard","hentry","category-meio-ambiente"],"_links":{"self":[{"href":"https:\/\/cajamar.sp.gov.br\/noticias\/wp-json\/wp\/v2\/posts\/11580","targetHints":{"allow":["GET"]}}],"collection":[{"href":"https:\/\/cajamar.sp.gov.br\/noticias\/wp-json\/wp\/v2\/posts"}],"about":[{"href":"https:\/\/cajamar.sp.gov.br\/noticias\/wp-json\/wp\/v2\/types\/post"}],"author":[{"embeddable":true,"href":"https:\/\/cajamar.sp.gov.br\/noticias\/wp-json\/wp\/v2\/users\/5"}],"replies":[{"embeddable":true,"href":"https:\/\/cajamar.sp.gov.br\/noticias\/wp-json\/wp\/v2\/comments?post=11580"}],"version-history":[{"count":0,"href":"https:\/\/cajamar.sp.gov.br\/noticias\/wp-json\/wp\/v2\/posts\/11580\/revisions"}],"wp:attachment":[{"href":"https:\/\/cajamar.sp.gov.br\/noticias\/wp-json\/wp\/v2\/media?parent=11580"}],"wp:term":[{"taxonomy":"category","embeddable":true,"href":"https:\/\/cajamar.sp.gov.br\/noticias\/wp-json\/wp\/v2\/categories?post=11580"},{"taxonomy":"post_tag","embeddable":true,"href":"https:\/\/cajamar.sp.gov.br\/noticias\/wp-json\/wp\/v2\/tags?post=11580"},{"taxonomy":"posicao","embeddable":true,"href":"https:\/\/cajamar.sp.gov.br\/noticias\/wp-json\/wp\/v2\/posicao?post=11580"}],"curies":[{"name":"wp","href":"https:\/\/api.w.org\/{rel}","templated":true}]}}