{"id":11618,"date":"2017-02-20T20:57:07","date_gmt":"2017-02-20T23:57:07","guid":{"rendered":"http:\/\/wphomologa.cijun.sp.gov.br\/STIMPREN\/?p=11618"},"modified":"2017-02-20T20:57:07","modified_gmt":"2017-02-20T23:57:07","slug":"comecou-as-festividades-de-58-anos-de-cajamar","status":"publish","type":"post","link":"https:\/\/cajamar.sp.gov.br\/noticias\/2017\/02\/20\/comecou-as-festividades-de-58-anos-de-cajamar\/","title":{"rendered":"Come\u00e7ou as festividades de 58 anos de Cajamar"},"content":{"rendered":"<!-- id:4362 -->\n\n<div class=\"wp-block-image\">\n<figure class=\"aligncenter\">\n<img decoding=\"async\" src=\"https:\/\/cajamar.sp.gov.br\/wp-content\/uploads\/arquivo\/img4362a.jpg\" \/>\n<figcaption>Para essa semana as festividades iniciam na pr\u00f3xima quinta-feira (23) a partir das 18h e encerram no domingo (26)<\/figcaption>\n<\/figure>\n<\/div>\n\n\nDesde a \u00faltima quinta-feira (16) o Centro de Eventos Boiodromo est\u00e1 reunindo milhares de pessoas na festividade de comemora\u00e7\u00e3o de 58 anos de Cajamar. Al\u00e9m de shows com bandas locais e a ampla pra\u00e7a de alimenta\u00e7\u00e3o totalmente coberta o p\u00fablico ainda se diverte com o parque de divers\u00e3o que foi montado no local para garantir alegria dos mun\u00edcipes.<br><br>A prefeita Paula Ribas tamb\u00e9m prestigiou as festividades e afirmou \u201cAgora \u00e9 o momento de cada um de n\u00f3s comemorarmos as conquistas destes 58 anos, o progresso e o desenvolvimento de cada a\u00e7\u00e3o e de cada trabalho realizado por todos n\u00f3s cajamarenses\u201d.<br><br>\u201cEu e minha fam\u00edlia estamos impressionadas com o carinho e dedica\u00e7\u00e3o com que est\u00e1 sendo realizado e organizado este evento pra comemorar o anivers\u00e1rio de Cajamar, com tantas diversidades e atrativos numa festa feita realmente pra fam\u00edlia cajamarense, garantindo lazer e divers\u00e3o conciliados a muita seguran\u00e7a\u201d. Ressaltou Isabela Lima, moradora do bairro Colina Maria Luiza.<br><br>O Fundo Social de Solidariedade de Cajamar tamb\u00e9m marcou presen\u00e7a com o Bazar Solid\u00e1rio expondo trabalhos manuais criados e executados pelas artes\u00e3s das oficinas, trazendo novidades no segmento de moda feminina entre outros itens e acess\u00f3rios que est\u00e3o em exposi\u00e7\u00e3o com valores acess\u00edveis ao p\u00fablico. <br><br>As apresenta\u00e7\u00f5es que marcaram este primeiro final de semana foram: DJ Robson, DJ Camilo, DJ William, Minist\u00e9rio Jord\u00e3o, Robson e Alex, Banda Magh Rock, Lorrana Lopes, Ezaqueu Castilho, Gian Gabriehl, Gil Carvalho e Sergio Viola, Ramado Batista, Desfile da Miss Mirim Cajamar Leticia, Coreografia dos anos 60\/70 N\u00facleo do Idoso de Cajamar NIC, Fino Samba, Pingo, Banda Bonde do Nordeste, Raios de Sol de Fevereiro, Dafne, Filipi Silva, Edson e Danilo. As oficinas de Cultura do munic\u00edpio tamb\u00e9m se apresentaram trazendo ritmos e dan\u00e7as.<br><br>No domingo (19) al\u00e9m das apresenta\u00e7\u00f5es as equipes do \u201cCarrozeira Club\u201d e \u201cNois na Placa de Cajamar\u201d participaram do evento com exposi\u00e7\u00f5es e super trilh\u00e3o saindo do Centro de Eventos Boiodromo.<br><br>Para essa semana as festividades iniciam na pr\u00f3xima quinta-feira (23) a partir das 18h e encerram no domingo (26). Os shows e apresenta\u00e7\u00f5es regionais continuam com DJ Robson, Red Charlie, Anderson Esplendore, Forroz\u00e3o Lance Novo, Misturaeh, Adriano Francis, Pingo, Marcelo Carvalho, Grupo Discreto, Banda Sollos, Cristian Lopes, Banda Stereotrip. <br><br>Artistas da regi\u00e3o que desejarem se apresentar podem entrar em contato pelos telefones: 11 9.6189-6883 \/ 11 9.9815-7496 \/ 11 4408-0657 (Departamento de Eventos) para realizar as inscri\u00e7\u00f5es.<br><br>O evento conta com apoio dos agentes da Guarda Civil Municipal, Tr\u00e2nsito, Bombeiros Civis, Central de Ambul\u00e2ncias e Policia Militar.\n\n<!-- galeria:4362 -->\n\n<ul class=\"wp-block-gallery columns-2 is-cropped wp-block-gallery-1 is-layout-flex wp-block-gallery-is-layout-flex\">\n\n<li class=\"blocks-gallery-item\">\n\n<figure>\n\n<img decoding=\"async\" src=\"https:\/\/cajamar.sp.gov.br\/wp-content\/uploads\/arquivo\/img4362b.jpg\" \/>\n\n<figcaption>A prefeita Paula Ribas tamb\u00e9m prestigiou as festividades<\/figcaption>\n\n<\/figure>\n\n<\/li>\n\n\n\n<li class=\"blocks-gallery-item\">\n\n<figure>\n\n<img decoding=\"async\" src=\"https:\/\/cajamar.sp.gov.br\/wp-content\/uploads\/arquivo\/img4362c.jpg\" \/>\n\n<figcaption>O Centro de Eventos Boiodromo est\u00e1 reunindo milhares de pessoas<\/figcaption>\n\n<\/figure>\n\n<\/li>\n\n\n\n<\/ul>\n\n\n","protected":false},"excerpt":{"rendered":"<p>A festa est\u00e1 sendo realizada no Centro de Eventos Boiodromo<\/p>\n","protected":false},"author":5,"featured_media":0,"comment_status":"open","ping_status":"open","sticky":false,"template":"","format":"standard","meta":{"footnotes":""},"categories":[5],"tags":[],"posicao":[],"class_list":["post-11618","post","type-post","status-publish","format-standard","hentry","category-esportes-e-lazer"],"_links":{"self":[{"href":"https:\/\/cajamar.sp.gov.br\/noticias\/wp-json\/wp\/v2\/posts\/11618","targetHints":{"allow":["GET"]}}],"collection":[{"href":"https:\/\/cajamar.sp.gov.br\/noticias\/wp-json\/wp\/v2\/posts"}],"about":[{"href":"https:\/\/cajamar.sp.gov.br\/noticias\/wp-json\/wp\/v2\/types\/post"}],"author":[{"embeddable":true,"href":"https:\/\/cajamar.sp.gov.br\/noticias\/wp-json\/wp\/v2\/users\/5"}],"replies":[{"embeddable":true,"href":"https:\/\/cajamar.sp.gov.br\/noticias\/wp-json\/wp\/v2\/comments?post=11618"}],"version-history":[{"count":0,"href":"https:\/\/cajamar.sp.gov.br\/noticias\/wp-json\/wp\/v2\/posts\/11618\/revisions"}],"wp:attachment":[{"href":"https:\/\/cajamar.sp.gov.br\/noticias\/wp-json\/wp\/v2\/media?parent=11618"}],"wp:term":[{"taxonomy":"category","embeddable":true,"href":"https:\/\/cajamar.sp.gov.br\/noticias\/wp-json\/wp\/v2\/categories?post=11618"},{"taxonomy":"post_tag","embeddable":true,"href":"https:\/\/cajamar.sp.gov.br\/noticias\/wp-json\/wp\/v2\/tags?post=11618"},{"taxonomy":"posicao","embeddable":true,"href":"https:\/\/cajamar.sp.gov.br\/noticias\/wp-json\/wp\/v2\/posicao?post=11618"}],"curies":[{"name":"wp","href":"https:\/\/api.w.org\/{rel}","templated":true}]}}