{"id":11648,"date":"2017-03-21T10:11:02","date_gmt":"2017-03-21T13:11:02","guid":{"rendered":"http:\/\/wphomologa.cijun.sp.gov.br\/STIMPREN\/?p=11648"},"modified":"2017-03-21T10:11:02","modified_gmt":"2017-03-21T13:11:02","slug":"depressao-e-tema-de-palestra-em-unidades-de-saude","status":"publish","type":"post","link":"https:\/\/cajamar.sp.gov.br\/noticias\/2017\/03\/21\/depressao-e-tema-de-palestra-em-unidades-de-saude\/","title":{"rendered":"Depress\u00e3o \u00e9 tema de palestra em Unidades de Sa\u00fade"},"content":{"rendered":"<!-- id:4393 -->\n\n<div class=\"wp-block-image\">\n<figure class=\"aligncenter\">\n<img decoding=\"async\" src=\"https:\/\/cajamar.sp.gov.br\/wp-content\/uploads\/arquivo\/img4393a.jpg\" \/>\n\n<\/figure>\n<\/div>\n\n\nPara aproveitar o per\u00edodo em que os pacientes esperam por atendimento nas Unidades de Sa\u00fade, profissionais de v\u00e1rias \u00e1reas realizam palestras, din\u00e2micas, exposi\u00e7\u00f5es e outras atividades tem\u00e1ticas. <br><br>No in\u00edcio de mar\u00e7o foi a vez da USF do Panorama. Sob o t\u00edtulo Depress\u00e3o: sintomas e tratamentos, a psic\u00f3loga Cristina Cavalcante explicou que a depress\u00e3o ainda causa pol\u00eamica e desconfian\u00e7a, porque algumas pessoas a tratam como \u201cfrescura\u201d. No entanto, a depress\u00e3o se afirma cada dia mais como uma doen\u00e7a dos tempos modernos, principalmente porque as pessoas est\u00e3o mais preocupadas em \u201cter\u201d e n\u00e3o em \u201cser\u201d, o que gera cobran\u00e7a e \u201cstress\u201d.<br><br>Segundo a profissional \u00e9 preciso diferenciar os sentimentos: tristeza e depress\u00e3o. \u201cA tristeza passa em alguns dias. \u00c9 um sentimento que acomete a todos, em raz\u00e3o de desemprego, luto e perdas em geral. J\u00e1 a depress\u00e3o dura mais tempo, tira o sono do indiv\u00edduo, mexe com o apetite e a concentra\u00e7\u00e3o, afeta a capacidade para o trabalho, prejudicando o conv\u00edvio em sociedade. Na maioria das vezes a pessoa n\u00e3o entende o porqu\u00ea deste sentimento,\u201d ponderou.<br><br>Os graus da doen\u00e7a, leve, moderado e severo, sintomas nas crian\u00e7as, adultos e idosos e as causas tamb\u00e9m foram abordados. Cristina disse que \u00e9 necess\u00e1rio tratamento multidisciplinar com m\u00e9dicos, psic\u00f3logos e nutricionistas e que a escolha de uma atividade f\u00edsica realizada regularmente aumenta os n\u00edveis de serotonina no c\u00e9rebro causando sensa\u00e7\u00e3o de bem estar e prazer. O tratamento medicamentoso \u00e9 mais eficaz quando associado a interven\u00e7\u00f5es complementares (acupuntura, esporte, homeopatia, alimenta\u00e7\u00e3o e psicoterapia).<br><br>\u201cUm dos fatores da depress\u00e3o nos idosos est\u00e1 relacionado com a perda da autonomia (o corpo est\u00e1 cansado, por\u00e9m a mente continua ativa). O importante \u00e9 n\u00e3o exclu\u00ed-los da conviv\u00eancia com a fam\u00edlia ou seu grupo, mas ajud\u00e1-los a se adaptar \u00e0 sua nova condi\u00e7\u00e3o. Um diagn\u00f3stico bem elaborado pode confirmar a depress\u00e3o e n\u00e3o confundi-la com dem\u00eancia senil ou mal de Alzheimer, por exemplo,\u201d concluiu.<br><br>A Diretoria de Sa\u00fade mant\u00e9m um Grupo de Depress\u00e3o na UBS do Polvilho as quartas-feiras \u00e0s 10h e \u00e0s sextas-feiras \u00e0s 8h. Para participar \u00e9 necess\u00e1rio realizar triagem psicol\u00f3gica.<br>\n\n<!-- galeria:4393 -->","protected":false},"excerpt":{"rendered":"<p>A sala de espera se transforma em palco para diversas atividades<\/p>\n","protected":false},"author":5,"featured_media":0,"comment_status":"open","ping_status":"open","sticky":false,"template":"","format":"standard","meta":{"footnotes":""},"categories":[2],"tags":[],"posicao":[],"class_list":["post-11648","post","type-post","status-publish","format-standard","hentry","category-saude"],"_links":{"self":[{"href":"https:\/\/cajamar.sp.gov.br\/noticias\/wp-json\/wp\/v2\/posts\/11648","targetHints":{"allow":["GET"]}}],"collection":[{"href":"https:\/\/cajamar.sp.gov.br\/noticias\/wp-json\/wp\/v2\/posts"}],"about":[{"href":"https:\/\/cajamar.sp.gov.br\/noticias\/wp-json\/wp\/v2\/types\/post"}],"author":[{"embeddable":true,"href":"https:\/\/cajamar.sp.gov.br\/noticias\/wp-json\/wp\/v2\/users\/5"}],"replies":[{"embeddable":true,"href":"https:\/\/cajamar.sp.gov.br\/noticias\/wp-json\/wp\/v2\/comments?post=11648"}],"version-history":[{"count":0,"href":"https:\/\/cajamar.sp.gov.br\/noticias\/wp-json\/wp\/v2\/posts\/11648\/revisions"}],"wp:attachment":[{"href":"https:\/\/cajamar.sp.gov.br\/noticias\/wp-json\/wp\/v2\/media?parent=11648"}],"wp:term":[{"taxonomy":"category","embeddable":true,"href":"https:\/\/cajamar.sp.gov.br\/noticias\/wp-json\/wp\/v2\/categories?post=11648"},{"taxonomy":"post_tag","embeddable":true,"href":"https:\/\/cajamar.sp.gov.br\/noticias\/wp-json\/wp\/v2\/tags?post=11648"},{"taxonomy":"posicao","embeddable":true,"href":"https:\/\/cajamar.sp.gov.br\/noticias\/wp-json\/wp\/v2\/posicao?post=11648"}],"curies":[{"name":"wp","href":"https:\/\/api.w.org\/{rel}","templated":true}]}}