{"id":11656,"date":"2017-03-29T16:13:38","date_gmt":"2017-03-29T19:13:38","guid":{"rendered":"http:\/\/wphomologa.cijun.sp.gov.br\/STIMPREN\/?p=11656"},"modified":"2017-03-29T16:13:38","modified_gmt":"2017-03-29T19:13:38","slug":"diretoria-de-saude-implanta-plantao-psicologico-no-municipio","status":"publish","type":"post","link":"https:\/\/cajamar.sp.gov.br\/noticias\/2017\/03\/29\/diretoria-de-saude-implanta-plantao-psicologico-no-municipio\/","title":{"rendered":"Diretoria de Sa\u00fade implanta Plant\u00e3o Psicol\u00f3gico no munic\u00edpio"},"content":{"rendered":"<!-- id:4401 -->\n\n<div class=\"wp-block-image\">\n<figure class=\"aligncenter\">\n<img decoding=\"async\" src=\"https:\/\/cajamar.sp.gov.br\/wp-content\/uploads\/arquivo\/img4401a.jpg\" \/>\n\n<\/figure>\n<\/div>\n\n\nO munic\u00edpio de Cajamar possui, na Divis\u00e3o de Sa\u00fade Mental, catorze psic\u00f3logos em Unidades de Sa\u00fade, respons\u00e1veis pela triagem e tratamento da popula\u00e7\u00e3o. A observa\u00e7\u00e3o e a experi\u00eancia dos profissionais levaram a pensar em um servi\u00e7o espec\u00edfico que atendesse de maneira mais acertada a situa\u00e7\u00e3o que o mun\u00edcipe traz ao consult\u00f3rio.<br><br>\u201cMuitas vezes tudo o que o ser humano precisa \u00e9 de algu\u00e9m que o ou\u00e7a, que o ajude a encontrar uma sa\u00edda, ou que fa\u00e7a com que aquela tristeza no momento de \u201ccrise\u201d, desapare\u00e7a. Foi nesse sentido que a Diretoria de Sa\u00fade disponibilizou o Plant\u00e3o Psicol\u00f3gico, como um diferencial de atendimento da Rede\u201d, ponderou a psic\u00f3loga Silvia Vinhas.<br><br>Segundo informa\u00e7\u00f5es do setor proporcionar acolhimento e conforto emergenciais na hora da ang\u00fastia, ouvindo a queixa do mun\u00edcipe, evitando que ele espere para ser atendido e direcion\u00e1-lo aos encaminhamentos cab\u00edveis, justificam a inser\u00e7\u00e3o desta nova modalidade de atendimento.<br><br>Os profissionais atendem em m\u00faltiplas frentes de trabalho e em diferentes locais: Gest\u00e3o (Tamires Nunes), UBS (s) e USF(s).<br><br>Servi\u00e7o<br><br>Plant\u00e3o Psicol\u00f3gico<br><br><br>UBS do Polvilho<br>Segundas e quartas-feiras &#8211; 9h \u00e0s 12h<br>Psic\u00f3loga Silvia Vinhas<br><br><br>UBS de Jordan\u00e9sia<br>Sextas-feiras \u2013 13h \u00e0s 16h<br>Psic\u00f3loga Viviane Amorim<br><br><br>UBS Parque S\u00e3o Roberto<br>Quintas-feiras \u2013 10h \u00e0s 12h<br>Psic\u00f3loga Viviane Amorim<br>\n\n<!-- galeria:4401 -->","protected":false},"excerpt":{"rendered":"<p>Escuta qualificada e conforto em situa\u00e7\u00f5es de \u201ccrise\u201d \u00e9 o prop\u00f3sito do trabalho<\/p>\n","protected":false},"author":5,"featured_media":0,"comment_status":"open","ping_status":"open","sticky":false,"template":"","format":"standard","meta":{"footnotes":""},"categories":[2],"tags":[],"posicao":[],"class_list":["post-11656","post","type-post","status-publish","format-standard","hentry","category-saude"],"_links":{"self":[{"href":"https:\/\/cajamar.sp.gov.br\/noticias\/wp-json\/wp\/v2\/posts\/11656","targetHints":{"allow":["GET"]}}],"collection":[{"href":"https:\/\/cajamar.sp.gov.br\/noticias\/wp-json\/wp\/v2\/posts"}],"about":[{"href":"https:\/\/cajamar.sp.gov.br\/noticias\/wp-json\/wp\/v2\/types\/post"}],"author":[{"embeddable":true,"href":"https:\/\/cajamar.sp.gov.br\/noticias\/wp-json\/wp\/v2\/users\/5"}],"replies":[{"embeddable":true,"href":"https:\/\/cajamar.sp.gov.br\/noticias\/wp-json\/wp\/v2\/comments?post=11656"}],"version-history":[{"count":0,"href":"https:\/\/cajamar.sp.gov.br\/noticias\/wp-json\/wp\/v2\/posts\/11656\/revisions"}],"wp:attachment":[{"href":"https:\/\/cajamar.sp.gov.br\/noticias\/wp-json\/wp\/v2\/media?parent=11656"}],"wp:term":[{"taxonomy":"category","embeddable":true,"href":"https:\/\/cajamar.sp.gov.br\/noticias\/wp-json\/wp\/v2\/categories?post=11656"},{"taxonomy":"post_tag","embeddable":true,"href":"https:\/\/cajamar.sp.gov.br\/noticias\/wp-json\/wp\/v2\/tags?post=11656"},{"taxonomy":"posicao","embeddable":true,"href":"https:\/\/cajamar.sp.gov.br\/noticias\/wp-json\/wp\/v2\/posicao?post=11656"}],"curies":[{"name":"wp","href":"https:\/\/api.w.org\/{rel}","templated":true}]}}