{"id":11693,"date":"2017-05-09T19:45:06","date_gmt":"2017-05-09T22:45:06","guid":{"rendered":"http:\/\/wphomologa.cijun.sp.gov.br\/STIMPREN\/?p=11693"},"modified":"2017-05-09T19:45:06","modified_gmt":"2017-05-09T22:45:06","slug":"prefeitura-discute-com-a-fgv-a-reforma-administrativa-para-ser-implantada-no-executivo","status":"publish","type":"post","link":"https:\/\/cajamar.sp.gov.br\/noticias\/2017\/05\/09\/prefeitura-discute-com-a-fgv-a-reforma-administrativa-para-ser-implantada-no-executivo\/","title":{"rendered":"Prefeitura discute com a FGV a reforma administrativa para ser implantada no Executivo"},"content":{"rendered":"<!-- id:4438 -->\n\n<div class=\"wp-block-image\">\n<figure class=\"aligncenter\">\n<img decoding=\"async\" src=\"https:\/\/cajamar.sp.gov.br\/wp-content\/uploads\/arquivo\/img4438a.jpg\" \/>\n\n<\/figure>\n<\/div>\n\n\nA Prefeitura de Cajamar realiza trabalho em conjunto com a Funda\u00e7\u00e3o Get\u00falio Vargas (FGV) na elabora\u00e7\u00e3o da reforma administrativa para o Executivo. <br><br>Ap\u00f3s passar pela primeira etapa, onde a FGV realizou um question\u00e1rio com os servidores municipais, iniciou-se a segunda etapa que apurou todas as atividades exercidas pelos servidores. Hoje, o estudo da reforma passou pela compila\u00e7\u00e3o dos dados apurados e a descri\u00e7\u00e3o das atribui\u00e7\u00f5es.<br><br>Durante a reuni\u00e3o a Prefeita Paula Ribas citou a import\u00e2ncia da reforma nesse momento de crise que pa\u00eds se encontra e determinou agilidade nos trabalhos que visam melhorar a qualidade de atendimento no servi\u00e7o p\u00fablico e a adequada distribui\u00e7\u00e3o de tarefas de cada servidor objetivando a efici\u00eancia e a economicidade para os cofres p\u00fablicos. A economia vai permitir investimento em \u00e1reas priorit\u00e1rias, como, por exemplo, sa\u00fade e educa\u00e7\u00e3o.<br>\n\n<!-- galeria:4438 -->\n\n<ul class=\"wp-block-gallery columns-2 is-cropped wp-block-gallery-1 is-layout-flex wp-block-gallery-is-layout-flex\">\n\n<li class=\"blocks-gallery-item\">\n\n<figure>\n\n<img decoding=\"async\" src=\"https:\/\/cajamar.sp.gov.br\/wp-content\/uploads\/arquivo\/img4438b.jpg\" \/>\n\n<figcaption><\/figcaption>\n\n<\/figure>\n\n<\/li>\n\n\n\n<li class=\"blocks-gallery-item\">\n\n<figure>\n\n<img decoding=\"async\" src=\"https:\/\/cajamar.sp.gov.br\/wp-content\/uploads\/arquivo\/img4438c.jpg\" \/>\n\n<figcaption><\/figcaption>\n\n<\/figure>\n\n<\/li>\n\n\n\n<\/ul>\n\n\n","protected":false},"excerpt":{"rendered":"<p>O encontro entre a Prefeita e representantes da FGV aconteceu na manh\u00e3 de ter\u00e7a-feira (9) na Prefeitura de Cajamar<\/p>\n","protected":false},"author":5,"featured_media":0,"comment_status":"open","ping_status":"open","sticky":false,"template":"","format":"standard","meta":{"footnotes":""},"categories":[1],"tags":[],"posicao":[],"class_list":["post-11693","post","type-post","status-publish","format-standard","hentry","category-noticias"],"_links":{"self":[{"href":"https:\/\/cajamar.sp.gov.br\/noticias\/wp-json\/wp\/v2\/posts\/11693","targetHints":{"allow":["GET"]}}],"collection":[{"href":"https:\/\/cajamar.sp.gov.br\/noticias\/wp-json\/wp\/v2\/posts"}],"about":[{"href":"https:\/\/cajamar.sp.gov.br\/noticias\/wp-json\/wp\/v2\/types\/post"}],"author":[{"embeddable":true,"href":"https:\/\/cajamar.sp.gov.br\/noticias\/wp-json\/wp\/v2\/users\/5"}],"replies":[{"embeddable":true,"href":"https:\/\/cajamar.sp.gov.br\/noticias\/wp-json\/wp\/v2\/comments?post=11693"}],"version-history":[{"count":0,"href":"https:\/\/cajamar.sp.gov.br\/noticias\/wp-json\/wp\/v2\/posts\/11693\/revisions"}],"wp:attachment":[{"href":"https:\/\/cajamar.sp.gov.br\/noticias\/wp-json\/wp\/v2\/media?parent=11693"}],"wp:term":[{"taxonomy":"category","embeddable":true,"href":"https:\/\/cajamar.sp.gov.br\/noticias\/wp-json\/wp\/v2\/categories?post=11693"},{"taxonomy":"post_tag","embeddable":true,"href":"https:\/\/cajamar.sp.gov.br\/noticias\/wp-json\/wp\/v2\/tags?post=11693"},{"taxonomy":"posicao","embeddable":true,"href":"https:\/\/cajamar.sp.gov.br\/noticias\/wp-json\/wp\/v2\/posicao?post=11693"}],"curies":[{"name":"wp","href":"https:\/\/api.w.org\/{rel}","templated":true}]}}