{"id":11703,"date":"2017-05-12T16:18:14","date_gmt":"2017-05-12T19:18:14","guid":{"rendered":"http:\/\/wphomologa.cijun.sp.gov.br\/STIMPREN\/?p=11703"},"modified":"2017-05-12T16:18:14","modified_gmt":"2017-05-12T19:18:14","slug":"campanha-maio-amarelo-tem-inicio-em-cajamar","status":"publish","type":"post","link":"https:\/\/cajamar.sp.gov.br\/noticias\/2017\/05\/12\/campanha-maio-amarelo-tem-inicio-em-cajamar\/","title":{"rendered":"Campanha Maio Amarelo tem in\u00edcio em Cajamar"},"content":{"rendered":"<!-- id:4448 -->\n\n<div class=\"wp-block-image\">\n<figure class=\"aligncenter\">\n<img decoding=\"async\" src=\"https:\/\/cajamar.sp.gov.br\/wp-content\/uploads\/arquivo\/img4448a.jpg\" \/>\n\n<\/figure>\n<\/div>\n\n\nCom o objetivo de chamar a aten\u00e7\u00e3o para a seguran\u00e7a no tr\u00e2nsito, ser\u00e1 realizada nos dias 17 e 18, a campanha Maio Amarelo. O primeiro dia da a\u00e7\u00e3o ser\u00e1 realizado no Gin\u00e1sio de Esportes do Polvilho das 10h \u00e0s 15h. Em Jordan\u00e9sia, no dia 18, no viaduto do Km 39 da Via Anhanguera \u2013 Distrito de Jordan\u00e9sia (no ponto de t\u00e1xi), das 10h \u00e0s 15h. <br><br>O Maio Amarelo \u00e9 um movimento internacional que visa mobiliza\u00e7\u00e3o da sociedade a conscientiza\u00e7\u00e3o do p\u00fablico para tornar o tr\u00e2nsito mais seguro e diminuir os acidentes.  Al\u00e9m das a\u00e7\u00f5es em pontos espec\u00edficos, cartazes e panfletos sobre a conscientiza\u00e7\u00e3o no tr\u00e2nsito ser\u00e3o distribu\u00eddos durante todo o m\u00eas de maio. <br><br>\u201cO Maio Amarelo n\u00e3o \u00e9 apenas uma campanha, mas sim uma a\u00e7\u00e3o, onde toda a sociedade est\u00e1 convidada a participar. Neste m\u00eas, estamos focados em divulgar e ensinar a popula\u00e7\u00e3o sobre o tr\u00e2nsito e como torn\u00e1-lo mais seguro\u201d \u2013 ressaltou Adizeti Lima, Diretor de Tr\u00e2nsito e Transportes. <br><br>SOBRE<br><br>A cor amarela foi escolhida por simbolizar aten\u00e7\u00e3o, em refer\u00eancia \u00e0 sinaliza\u00e7\u00e3o de advert\u00eancia no tr\u00e2nsito. J\u00e1 o m\u00eas foi escolhido por ter uma liga\u00e7\u00e3o com a hist\u00f3ria de seguran\u00e7a no tr\u00e2nsito, uma vez que foi em maio de 2011 que a ONU decretou a \u201cD\u00e9cada de A\u00e7\u00f5es para a Seguran\u00e7a no Tr\u00e2nsito\u201d. A meta \u00e9 reduzir 50% dos acidentes de tr\u00e2nsito em todo o mundo. Tamb\u00e9m em maio acontece a Semana Mundial de Seguran\u00e7a do Pedestre, conhecida como Campanha Zenani Mandela, em mem\u00f3ria \u00e0 neta de Nelson Mandela.<br>\n\n<!-- galeria:4448 -->","protected":false},"excerpt":{"rendered":"<p>A\u00e7\u00e3o visa chamar a aten\u00e7\u00e3o e conscientiza\u00e7\u00e3o da popula\u00e7\u00e3o sobre os perigos no tr\u00e2nsito<\/p>\n","protected":false},"author":5,"featured_media":0,"comment_status":"open","ping_status":"open","sticky":false,"template":"","format":"standard","meta":{"footnotes":""},"categories":[19],"tags":[],"posicao":[],"class_list":["post-11703","post","type-post","status-publish","format-standard","hentry","category-mobilidade"],"_links":{"self":[{"href":"https:\/\/cajamar.sp.gov.br\/noticias\/wp-json\/wp\/v2\/posts\/11703","targetHints":{"allow":["GET"]}}],"collection":[{"href":"https:\/\/cajamar.sp.gov.br\/noticias\/wp-json\/wp\/v2\/posts"}],"about":[{"href":"https:\/\/cajamar.sp.gov.br\/noticias\/wp-json\/wp\/v2\/types\/post"}],"author":[{"embeddable":true,"href":"https:\/\/cajamar.sp.gov.br\/noticias\/wp-json\/wp\/v2\/users\/5"}],"replies":[{"embeddable":true,"href":"https:\/\/cajamar.sp.gov.br\/noticias\/wp-json\/wp\/v2\/comments?post=11703"}],"version-history":[{"count":0,"href":"https:\/\/cajamar.sp.gov.br\/noticias\/wp-json\/wp\/v2\/posts\/11703\/revisions"}],"wp:attachment":[{"href":"https:\/\/cajamar.sp.gov.br\/noticias\/wp-json\/wp\/v2\/media?parent=11703"}],"wp:term":[{"taxonomy":"category","embeddable":true,"href":"https:\/\/cajamar.sp.gov.br\/noticias\/wp-json\/wp\/v2\/categories?post=11703"},{"taxonomy":"post_tag","embeddable":true,"href":"https:\/\/cajamar.sp.gov.br\/noticias\/wp-json\/wp\/v2\/tags?post=11703"},{"taxonomy":"posicao","embeddable":true,"href":"https:\/\/cajamar.sp.gov.br\/noticias\/wp-json\/wp\/v2\/posicao?post=11703"}],"curies":[{"name":"wp","href":"https:\/\/api.w.org\/{rel}","templated":true}]}}