{"id":11704,"date":"2017-05-13T16:23:22","date_gmt":"2017-05-13T19:23:22","guid":{"rendered":"http:\/\/wphomologa.cijun.sp.gov.br\/STIMPREN\/?p=11704"},"modified":"2017-05-13T16:23:22","modified_gmt":"2017-05-13T19:23:22","slug":"espaco-bem-viver-celebra-dia-das-maes-com-homenagens-para-centenas-de-maes","status":"publish","type":"post","link":"https:\/\/cajamar.sp.gov.br\/noticias\/2017\/05\/13\/espaco-bem-viver-celebra-dia-das-maes-com-homenagens-para-centenas-de-maes\/","title":{"rendered":"Espa\u00e7o Bem Viver celebra Dia das M\u00e3es com homenagens para centenas de m\u00e3es"},"content":{"rendered":"<!-- id:4449 -->\n\n<div class=\"wp-block-image\">\n<figure class=\"aligncenter\">\n<img decoding=\"async\" src=\"https:\/\/cajamar.sp.gov.br\/wp-content\/uploads\/arquivo\/img4449a.jpg\" \/>\n\n<\/figure>\n<\/div>\n\n\nNa noite da \u00faltima sexta-feira (12) crian\u00e7as e adolescentes do projeto Espa\u00e7o Bem Viver realizaram uma noite em homenagem ao Dia das M\u00e3es. O evento que come\u00e7ou \u00e0s 19h e seguiu at\u00e9 a noite com jantar especial tem\u00e1tico de massas Italianas, em seguida de apresenta\u00e7\u00f5es realizadas em homenagem as m\u00e3es.<br><br>A Prefeita Paula Ribas tamb\u00e9m foi recebida sob aplausos e homenagens das crian\u00e7as do Bem Viver Jordan\u00e9sia e Polvilho e agradeceu o carinho contribuindo com mensagem de apoio \u00e0 todas as m\u00e3es.<br><br>Durante o evento as crian\u00e7as fizeram apresenta\u00e7\u00e3o de um Musical com a M\u00fasica  &#8220;Nove meses&#8221; da cantora B\u00e1rbara Dias. Representando na can\u00e7\u00e3o situa\u00e7\u00f5es vivenciadas pelas mulheres quando descobrem a gravidez, bem como, todo o per\u00edodo da gesta\u00e7\u00e3o at\u00e9 o nascimento, como express\u00e3o da import\u00e2ncia do v\u00ednculo afetivo entre m\u00e3e s e filhos.<br><br>\u201cEst\u00e1 tudo espetacular desde as apresenta\u00e7\u00f5es at\u00e9 o jantar saboroso e elegante como este, agrade\u00e7o muito a Prefeita Paula Ribas por valorizar e acreditar junto a sua administra\u00e7\u00e3o neste projeto que muito ajuda no desenvolvimento da minha filha e contribui a sociedade. N\u00e3o esperava chegar aqui e ver esse ambiente t\u00e3o lindo e decorado\u201d ressaltou a m\u00e3e Maria Jos\u00e9 moradora do Polvilho.<br><br>Os educadores e monitores do projeto tamb\u00e9m realizaram sua homenagem construindo uma mensagem para as m\u00e3es a partir de entrevistas com as crian\u00e7as e adolescentes do Espa\u00e7o Bem Viver relatando o que sentiam em rela\u00e7\u00e3o a figura materna.<br><br>Espa\u00e7o Bem Viver:<br><br>Como complemento da carga hor\u00e1ria cumprida na escola, o Espa\u00e7o Bem Viver oferece atividades socioeducativas de maneira a integrar as crian\u00e7as e os jovens, contribuindo para seu desenvolvimento pessoal e social, com supervis\u00e3o de monitores e uma equipe preparada de educadores.<br><br>No Espa\u00e7o Bem Viver, tr\u00eas projetos garantem as atividades: Projeto Cambalhota atende crian\u00e7as de 3 a 5 anos, Molecada 6 a 11 anos e Juventude em A\u00e7\u00e3o de 12 a 17 anos de idade. <br>\n\n<!-- galeria:4449 -->\n\n<ul class=\"wp-block-gallery columns-2 is-cropped wp-block-gallery-1 is-layout-flex wp-block-gallery-is-layout-flex\">\n\n<li class=\"blocks-gallery-item\">\n\n<figure>\n\n<img decoding=\"async\" src=\"https:\/\/cajamar.sp.gov.br\/wp-content\/uploads\/arquivo\/img4449b.jpg\" \/>\n\n<figcaption><\/figcaption>\n\n<\/figure>\n\n<\/li>\n\n\n\n<li class=\"blocks-gallery-item\">\n\n<figure>\n\n<img decoding=\"async\" src=\"https:\/\/cajamar.sp.gov.br\/wp-content\/uploads\/arquivo\/img4449c.jpg\" \/>\n\n<figcaption><\/figcaption>\n\n<\/figure>\n\n<\/li>\n\n\n\n<li class=\"blocks-gallery-item\">\n\n<figure>\n\n<img decoding=\"async\" src=\"https:\/\/cajamar.sp.gov.br\/wp-content\/uploads\/arquivo\/img4449d.jpg\" \/>\n\n<figcaption><\/figcaption>\n\n<\/figure>\n\n<\/li>\n\n\n\n<\/ul>\n\n\n","protected":false},"excerpt":{"rendered":"<p>O Evento aconteceu no Gin\u00e1sio do Pq. Para\u00edso e contou com a presen\u00e7a da Prefeita Paula Ribas<\/p>\n","protected":false},"author":5,"featured_media":0,"comment_status":"open","ping_status":"open","sticky":false,"template":"","format":"standard","meta":{"footnotes":""},"categories":[4],"tags":[],"posicao":[],"class_list":["post-11704","post","type-post","status-publish","format-standard","hentry","category-social"],"_links":{"self":[{"href":"https:\/\/cajamar.sp.gov.br\/noticias\/wp-json\/wp\/v2\/posts\/11704","targetHints":{"allow":["GET"]}}],"collection":[{"href":"https:\/\/cajamar.sp.gov.br\/noticias\/wp-json\/wp\/v2\/posts"}],"about":[{"href":"https:\/\/cajamar.sp.gov.br\/noticias\/wp-json\/wp\/v2\/types\/post"}],"author":[{"embeddable":true,"href":"https:\/\/cajamar.sp.gov.br\/noticias\/wp-json\/wp\/v2\/users\/5"}],"replies":[{"embeddable":true,"href":"https:\/\/cajamar.sp.gov.br\/noticias\/wp-json\/wp\/v2\/comments?post=11704"}],"version-history":[{"count":0,"href":"https:\/\/cajamar.sp.gov.br\/noticias\/wp-json\/wp\/v2\/posts\/11704\/revisions"}],"wp:attachment":[{"href":"https:\/\/cajamar.sp.gov.br\/noticias\/wp-json\/wp\/v2\/media?parent=11704"}],"wp:term":[{"taxonomy":"category","embeddable":true,"href":"https:\/\/cajamar.sp.gov.br\/noticias\/wp-json\/wp\/v2\/categories?post=11704"},{"taxonomy":"post_tag","embeddable":true,"href":"https:\/\/cajamar.sp.gov.br\/noticias\/wp-json\/wp\/v2\/tags?post=11704"},{"taxonomy":"posicao","embeddable":true,"href":"https:\/\/cajamar.sp.gov.br\/noticias\/wp-json\/wp\/v2\/posicao?post=11704"}],"curies":[{"name":"wp","href":"https:\/\/api.w.org\/{rel}","templated":true}]}}