{"id":11740,"date":"2017-06-01T17:38:24","date_gmt":"2017-06-01T20:38:24","guid":{"rendered":"http:\/\/wphomologa.cijun.sp.gov.br\/STIMPREN\/?p=11740"},"modified":"2017-06-01T17:38:24","modified_gmt":"2017-06-01T20:38:24","slug":"prefeitura-de-cajamar-realiza-carreata-para-comemorar-o-dia-mundial-sem-tabaco","status":"publish","type":"post","link":"https:\/\/cajamar.sp.gov.br\/noticias\/2017\/06\/01\/prefeitura-de-cajamar-realiza-carreata-para-comemorar-o-dia-mundial-sem-tabaco\/","title":{"rendered":"Prefeitura de Cajamar realiza Carreata para comemorar o dia Mundial sem Tabaco"},"content":{"rendered":"<!-- id:4486 -->\n\n<div class=\"wp-block-image\">\n<figure class=\"aligncenter\">\n<img decoding=\"async\" src=\"https:\/\/cajamar.sp.gov.br\/wp-content\/uploads\/arquivo\/img4486a.jpg\" \/>\n\n<\/figure>\n<\/div>\n\n\nNo dia 31 de maio a Prefeitura de Cajamar, por meio da Diretoria de Sa\u00fade, realizou uma Carreata em comemora\u00e7\u00e3o ao Dia Mundial sem Tabaco, criado em 31 de maio de 1987 pela Organiza\u00e7\u00e3o Mundial de Sa\u00fade (OMS), em parceria com as Secretarias Estaduais e Municipais de Sa\u00fade para orientar e conscientizar sobre os riscos ocasionados pelo uso do tabaco.<br><br>Com carro de som, caminhonete da Zoonoses e a Renault Kangoo, do almoxarifado da Sa\u00fade, al\u00e9m de faixas distribui\u00e7\u00e3o de folders informativos e servidores identificados com o s\u00edmbolo \u201cproibido fumar\u201d nas camisetas, a Carreata saiu \u00e0s 9h da Rua Rita Maria de Jesus, 161, no Polvilho seguindo pela USF Belo Planalto, Diretoria de Sa\u00fade, UBS do Polvilho, USF Parque Maria Aparecida, USF Maria Luiza, UBS Parque S\u00e3o Roberto e UBS de Jordan\u00e9sia terminando o percurso, \u00e0s 13h na USF Cajamar Centro.<br><br>Na segunda semana de maio teve in\u00edcio o PNCT, com 16 pacientes em grupo terap\u00eautico, que receberam acompanhamento m\u00e9dico, de enfermagem, apoio psicol\u00f3gico e tratamento medicamentoso com a farmac\u00eautica, tendo por objetivo auxiliar a mudan\u00e7a de comportamento, por meio de palestras, terapia e adesivos. <br><br>\u201cO Programa come\u00e7ou no dia nove e em tr\u00eas semanas de atendimento j\u00e1 obtivemos um bom resultado. Aproximadamente 80% dos pacientes diminu\u00edram o consumo de cigarro ou pararam de fumar\u201d, disse a Coordenadora do Programa, farmac\u00eautica Dra. Jaqueline de Moura Cardoso. <br><br>Todo o trajeto foi acompanhado pelo Departamento de Tr\u00e2nsito e Seguran\u00e7a P\u00fablica do munic\u00edpio.<br><br>A carreata contou com apoio de Assessora T\u00e9cnica da Diretoria de Sa\u00fade Jana\u00edna guilguer e do vereador Fabiano Galv\u00e3o. O Fundo Social de Solidariedade de Cajamar realizou a confec\u00e7\u00e3o da fantasia do &#8220;Cigarrinho&#8221; e das camisetas usadas pela equipe.<br><br>Para maiores informa\u00e7\u00f5es sobre a pr\u00f3xima turma, que acontece \u00e0s ter\u00e7as-feiras, no per\u00edodo da manh\u00e3, procure a Unidade de Sa\u00fade mais pr\u00f3xima de sua resid\u00eancia.<br>\n\n<!-- galeria:4486 -->\n\n<ul class=\"wp-block-gallery columns-2 is-cropped wp-block-gallery-1 is-layout-flex wp-block-gallery-is-layout-flex\">\n\n<li class=\"blocks-gallery-item\">\n\n<figure>\n\n<img decoding=\"async\" src=\"https:\/\/cajamar.sp.gov.br\/wp-content\/uploads\/arquivo\/img4486b.jpg\" \/>\n\n<figcaption><\/figcaption>\n\n<\/figure>\n\n<\/li>\n\n\n\n<li class=\"blocks-gallery-item\">\n\n<figure>\n\n<img decoding=\"async\" src=\"https:\/\/cajamar.sp.gov.br\/wp-content\/uploads\/arquivo\/img4486c.jpg\" \/>\n\n<figcaption><\/figcaption>\n\n<\/figure>\n\n<\/li>\n\n\n\n<li class=\"blocks-gallery-item\">\n\n<figure>\n\n<img decoding=\"async\" src=\"https:\/\/cajamar.sp.gov.br\/wp-content\/uploads\/arquivo\/img4486d.jpg\" \/>\n\n<figcaption><\/figcaption>\n\n<\/figure>\n\n<\/li>\n\n\n\n<li class=\"blocks-gallery-item\">\n\n<figure>\n\n<img decoding=\"async\" src=\"https:\/\/cajamar.sp.gov.br\/wp-content\/uploads\/arquivo\/img4486e.jpg\" \/>\n\n<figcaption><\/figcaption>\n\n<\/figure>\n\n<\/li>\n\n\n\n<\/ul>\n\n\n","protected":false},"excerpt":{"rendered":"<p>Divulgar o Programa Nacional de Controle ao Tabagismo (PNCT) est\u00e1 entre os objetivos<\/p>\n","protected":false},"author":5,"featured_media":0,"comment_status":"open","ping_status":"open","sticky":false,"template":"","format":"standard","meta":{"footnotes":""},"categories":[2],"tags":[],"posicao":[],"class_list":["post-11740","post","type-post","status-publish","format-standard","hentry","category-saude"],"_links":{"self":[{"href":"https:\/\/cajamar.sp.gov.br\/noticias\/wp-json\/wp\/v2\/posts\/11740","targetHints":{"allow":["GET"]}}],"collection":[{"href":"https:\/\/cajamar.sp.gov.br\/noticias\/wp-json\/wp\/v2\/posts"}],"about":[{"href":"https:\/\/cajamar.sp.gov.br\/noticias\/wp-json\/wp\/v2\/types\/post"}],"author":[{"embeddable":true,"href":"https:\/\/cajamar.sp.gov.br\/noticias\/wp-json\/wp\/v2\/users\/5"}],"replies":[{"embeddable":true,"href":"https:\/\/cajamar.sp.gov.br\/noticias\/wp-json\/wp\/v2\/comments?post=11740"}],"version-history":[{"count":0,"href":"https:\/\/cajamar.sp.gov.br\/noticias\/wp-json\/wp\/v2\/posts\/11740\/revisions"}],"wp:attachment":[{"href":"https:\/\/cajamar.sp.gov.br\/noticias\/wp-json\/wp\/v2\/media?parent=11740"}],"wp:term":[{"taxonomy":"category","embeddable":true,"href":"https:\/\/cajamar.sp.gov.br\/noticias\/wp-json\/wp\/v2\/categories?post=11740"},{"taxonomy":"post_tag","embeddable":true,"href":"https:\/\/cajamar.sp.gov.br\/noticias\/wp-json\/wp\/v2\/tags?post=11740"},{"taxonomy":"posicao","embeddable":true,"href":"https:\/\/cajamar.sp.gov.br\/noticias\/wp-json\/wp\/v2\/posicao?post=11740"}],"curies":[{"name":"wp","href":"https:\/\/api.w.org\/{rel}","templated":true}]}}