{"id":11782,"date":"2017-06-30T18:01:07","date_gmt":"2017-06-30T21:01:07","guid":{"rendered":"http:\/\/wphomologa.cijun.sp.gov.br\/STIMPREN\/?p=11782"},"modified":"2017-06-30T18:01:07","modified_gmt":"2017-06-30T21:01:07","slug":"diretores-municipais-apresentam-dados-de-investimentos-na-educacao-do-cacs-fundeb","status":"publish","type":"post","link":"https:\/\/cajamar.sp.gov.br\/noticias\/2017\/06\/30\/diretores-municipais-apresentam-dados-de-investimentos-na-educacao-do-cacs-fundeb\/","title":{"rendered":"Diretores municipais apresentam dados de investimentos na educa\u00e7\u00e3o do CACS &#8211; FUNDEB"},"content":{"rendered":"<!-- id:4529 -->\n\n<div class=\"wp-block-image\">\n<figure class=\"aligncenter\">\n<img decoding=\"async\" src=\"https:\/\/cajamar.sp.gov.br\/wp-content\/uploads\/arquivo\/img4529a.jpg\" \/>\n\n<\/figure>\n<\/div>\n\n\nA Diretoria de Educa\u00e7\u00e3o recebeu, na \u00faltima quarta-feira (28), uma reuni\u00e3o ordin\u00e1ria para apresentar dados referentes ao CACS (Conselho de Acompanhamento e Controle Social) do FUNDEB (Fundo de Manuten\u00e7\u00e3o e Desenvolvimento da Educa\u00e7\u00e3o B\u00e1sica e de Valoriza\u00e7\u00e3o dos Profissionais da Educa\u00e7\u00e3o). A reuni\u00e3o contou com a presen\u00e7a de membros do Conselho Municipal de Acompanhamento e Controle Social e dos diretores municipais da Fazenda, Licita\u00e7\u00f5es, Compras, Contratos e <br>Suprimentos.<br><br>Al\u00e9m de apresentarem os relat\u00f3rios da FUNDEB, os diretores esclareceram d\u00favidas referentes ao investimento p\u00fablico em Educa\u00e7\u00e3o. Na reuni\u00e3o foram esclarecidas d\u00favidas sobre os processos licitat\u00f3rios e apresentadas medidas de melhorias para o controle de gastos.<br><br>De acordo com a Diretora de Educa\u00e7\u00e3o, Jussara Possebon o conselho \u00e9 importante para compreender o compromisso da administra\u00e7\u00e3o com a educa\u00e7\u00e3o. \u201c\u00c9 fundamental a realiza\u00e7\u00e3o desse conselho, pois ele possibilita a consolida\u00e7\u00e3o da transpar\u00eancia e do compromisso da administra\u00e7\u00e3o Municipal\u201d, afirma.<br>\n\n<!-- galeria:4529 -->\n\n<ul class=\"wp-block-gallery columns-2 is-cropped wp-block-gallery-1 is-layout-flex wp-block-gallery-is-layout-flex\">\n\n<li class=\"blocks-gallery-item\">\n\n<figure>\n\n<img decoding=\"async\" src=\"https:\/\/cajamar.sp.gov.br\/wp-content\/uploads\/arquivo\/img4529b.jpg\" \/>\n\n<figcaption><\/figcaption>\n\n<\/figure>\n\n<\/li>\n\n\n\n<\/ul>\n\n\n","protected":false},"excerpt":{"rendered":"<p>A reuni\u00e3o aconteceu na \u00faltima quarta-feira (28), na sede da Diretoria de Educa\u00e7\u00e3o<\/p>\n","protected":false},"author":5,"featured_media":0,"comment_status":"open","ping_status":"open","sticky":false,"template":"","format":"standard","meta":{"footnotes":""},"categories":[8],"tags":[],"posicao":[],"class_list":["post-11782","post","type-post","status-publish","format-standard","hentry","category-educacao"],"_links":{"self":[{"href":"https:\/\/cajamar.sp.gov.br\/noticias\/wp-json\/wp\/v2\/posts\/11782","targetHints":{"allow":["GET"]}}],"collection":[{"href":"https:\/\/cajamar.sp.gov.br\/noticias\/wp-json\/wp\/v2\/posts"}],"about":[{"href":"https:\/\/cajamar.sp.gov.br\/noticias\/wp-json\/wp\/v2\/types\/post"}],"author":[{"embeddable":true,"href":"https:\/\/cajamar.sp.gov.br\/noticias\/wp-json\/wp\/v2\/users\/5"}],"replies":[{"embeddable":true,"href":"https:\/\/cajamar.sp.gov.br\/noticias\/wp-json\/wp\/v2\/comments?post=11782"}],"version-history":[{"count":0,"href":"https:\/\/cajamar.sp.gov.br\/noticias\/wp-json\/wp\/v2\/posts\/11782\/revisions"}],"wp:attachment":[{"href":"https:\/\/cajamar.sp.gov.br\/noticias\/wp-json\/wp\/v2\/media?parent=11782"}],"wp:term":[{"taxonomy":"category","embeddable":true,"href":"https:\/\/cajamar.sp.gov.br\/noticias\/wp-json\/wp\/v2\/categories?post=11782"},{"taxonomy":"post_tag","embeddable":true,"href":"https:\/\/cajamar.sp.gov.br\/noticias\/wp-json\/wp\/v2\/tags?post=11782"},{"taxonomy":"posicao","embeddable":true,"href":"https:\/\/cajamar.sp.gov.br\/noticias\/wp-json\/wp\/v2\/posicao?post=11782"}],"curies":[{"name":"wp","href":"https:\/\/api.w.org\/{rel}","templated":true}]}}