{"id":11793,"date":"2017-07-13T20:23:26","date_gmt":"2017-07-13T23:23:26","guid":{"rendered":"http:\/\/wphomologa.cijun.sp.gov.br\/STIMPREN\/?p=11793"},"modified":"2017-07-13T20:23:26","modified_gmt":"2017-07-13T23:23:26","slug":"edicao-da-revista-citys-book-cajamar-e-lancada","status":"publish","type":"post","link":"https:\/\/cajamar.sp.gov.br\/noticias\/2017\/07\/13\/edicao-da-revista-citys-book-cajamar-e-lancada\/","title":{"rendered":"Edi\u00e7\u00e3o da revista City\u2019s Book Cajamar \u00e9 lan\u00e7ada"},"content":{"rendered":"<!-- id:4540 -->\n\n<div class=\"wp-block-image\">\n<figure class=\"aligncenter\">\n<img decoding=\"async\" src=\"https:\/\/cajamar.sp.gov.br\/wp-content\/uploads\/arquivo\/img4540a.jpg\" \/>\n\n<\/figure>\n<\/div>\n\n\nA revista City\u00b4s Book, edi\u00e7\u00e3o Cajamar, foi lan\u00e7ada hoje (13\/07), \u00e0s 10h, na C\u00e2mara Municipal de Cajamar. O evento contou com a presen\u00e7a da prefeita Paula Ribas, da vice Dalete Oliveira, Presidente da C\u00e2mara Eurico Miss\u00e9, Pedro Mori representando o vice-governador do Estado Marcio Fran\u00e7a, do diretor da Man\u00e1 Group, Victor Falc\u00e3o, dos vereadores Fabiano Galv\u00e3o, Irm\u00e3o Feliciano, Fabio Pontes, Izelda Carna\u00faba, Man\u00e9 do Am\u00e9rica e Marcelo do G\u00e1s, de representantes das empresas patrocinadoras do projeto e demais autoridades.<br><br>O evento contou com a abertura de apresenta\u00e7\u00e3o da coreografia \u201cPerolas\u201d do Ballet da Oficina de Cultura de Cajamar sob orienta\u00e7\u00e3o da professora Ma\u00edra Correa.<br><br>A publica\u00e7\u00e3o, editada em dois idiomas \u2013 portugu\u00eas e ingl\u00eas, \u00e9 voltada aos segmentos governamental e empresarial e tem como objetivo ampliar a visibilidade do munic\u00edpio, divulgando as a\u00e7\u00f5es da cidade e possibilitar a gera\u00e7\u00e3o de parcerias, investimentos e desenvolvimento com novas empresas e ind\u00fastrias.<br><br>\u201c\u00c9 muito importante este trabalho com reportagens que falam da estrutura da cidade para investidores, mostrando tamb\u00e9m pol\u00edticas p\u00fablicas e pr\u00e1ticas administrativas que contribui para o desenvolvimento e bom ambiente de neg\u00f3cios\u201d, ressaltou a prefeita Paula Ribas em seu discurso. <br><br>&#8220;A inten\u00e7\u00e3o \u00e9 que a revista seja uma ferramenta que mostre o munic\u00edpio para al\u00e9m de sua regi\u00e3o, atraindo investimentos e novas parcerias. J\u00e1 tivemos bons resultados nas demais cidades onde fizemos a revista e, com certeza, o mesmo acontecer\u00e1 com Cajamar&#8221;, disse Victor Falc\u00e3o.<br><br>Tamb\u00e9m estiveram presentes o Chefe de Gabinete Jos\u00e9 Angelotti e os Diretores Municipais da Prefeitura de Cajamar. Participaram da composi\u00e7\u00e3o da mesa de cerim\u00f4nia Victor Corrales &#8211; Presidente da SKF do Brasil, Ricardo de Santos Freitas &#8211; Presidente da SEMP TCL, Milton Barbosa \u2013 Presidente da IMOBAN. <br><br>A revista n\u00e3o teve custos aos cofres p\u00fablicos e foi desenvolvida pela editora Man\u00e1 Group com o os patrocinadores: Aptar, CHT Brasil Qu\u00edmica, CRX Log\u00edstica e Manuseio, GLP Cajamar, Gon\u00e7alves Industria Gr\u00e1fica, Grupo MCASSAB, HINES, Imoban Empreendimentos e Constru\u00e7\u00f5es, Libercon Engenharia, Mastercool do Brasil, Metalgr\u00e1fica Rojek Ltda, Natura, Natural Alimentos, Pillar Empreendimentos, Prel\u00fadio Turismo, Prologis CCP, Quintal Restaurante, Reachlocal, Saraiva, SEMP TCL, SKF do Brasil, SUEZ Degremont Tratamento de \u00c1guas, Taageero Comercial e Zezinho Autom\u00f3veis.<br><br>\n\n<!-- galeria:4540 -->\n\n<ul class=\"wp-block-gallery columns-2 is-cropped wp-block-gallery-1 is-layout-flex wp-block-gallery-is-layout-flex\">\n\n<li class=\"blocks-gallery-item\">\n\n<figure>\n\n<img decoding=\"async\" src=\"https:\/\/cajamar.sp.gov.br\/wp-content\/uploads\/arquivo\/img4540b.jpg\" \/>\n\n<figcaption><\/figcaption>\n\n<\/figure>\n\n<\/li>\n\n\n\n<li class=\"blocks-gallery-item\">\n\n<figure>\n\n<img decoding=\"async\" src=\"https:\/\/cajamar.sp.gov.br\/wp-content\/uploads\/arquivo\/img4540c.jpg\" \/>\n\n<figcaption><\/figcaption>\n\n<\/figure>\n\n<\/li>\n\n\n\n<li class=\"blocks-gallery-item\">\n\n<figure>\n\n<img decoding=\"async\" src=\"https:\/\/cajamar.sp.gov.br\/wp-content\/uploads\/arquivo\/img4540d.jpg\" \/>\n\n<figcaption><\/figcaption>\n\n<\/figure>\n\n<\/li>\n\n\n\n<li class=\"blocks-gallery-item\">\n\n<figure>\n\n<img decoding=\"async\" src=\"https:\/\/cajamar.sp.gov.br\/wp-content\/uploads\/arquivo\/img4540e.jpg\" \/>\n\n<figcaption><\/figcaption>\n\n<\/figure>\n\n<\/li>\n\n\n\n<li class=\"blocks-gallery-item\">\n\n<figure>\n\n<img decoding=\"async\" src=\"https:\/\/cajamar.sp.gov.br\/wp-content\/uploads\/arquivo\/img4540f.jpg\" \/>\n\n<figcaption>\n<\/figcaption>\n\n<\/figure>\n\n<\/li>\n\n\n\n<\/ul>\n\n\n","protected":false},"excerpt":{"rendered":"<p>A cerim\u00f4nia de lan\u00e7amento oficial aconteceu na C\u00e2mara Municipal<\/p>\n","protected":false},"author":5,"featured_media":0,"comment_status":"open","ping_status":"open","sticky":false,"template":"","format":"standard","meta":{"footnotes":""},"categories":[1],"tags":[],"posicao":[],"class_list":["post-11793","post","type-post","status-publish","format-standard","hentry","category-noticias"],"_links":{"self":[{"href":"https:\/\/cajamar.sp.gov.br\/noticias\/wp-json\/wp\/v2\/posts\/11793","targetHints":{"allow":["GET"]}}],"collection":[{"href":"https:\/\/cajamar.sp.gov.br\/noticias\/wp-json\/wp\/v2\/posts"}],"about":[{"href":"https:\/\/cajamar.sp.gov.br\/noticias\/wp-json\/wp\/v2\/types\/post"}],"author":[{"embeddable":true,"href":"https:\/\/cajamar.sp.gov.br\/noticias\/wp-json\/wp\/v2\/users\/5"}],"replies":[{"embeddable":true,"href":"https:\/\/cajamar.sp.gov.br\/noticias\/wp-json\/wp\/v2\/comments?post=11793"}],"version-history":[{"count":0,"href":"https:\/\/cajamar.sp.gov.br\/noticias\/wp-json\/wp\/v2\/posts\/11793\/revisions"}],"wp:attachment":[{"href":"https:\/\/cajamar.sp.gov.br\/noticias\/wp-json\/wp\/v2\/media?parent=11793"}],"wp:term":[{"taxonomy":"category","embeddable":true,"href":"https:\/\/cajamar.sp.gov.br\/noticias\/wp-json\/wp\/v2\/categories?post=11793"},{"taxonomy":"post_tag","embeddable":true,"href":"https:\/\/cajamar.sp.gov.br\/noticias\/wp-json\/wp\/v2\/tags?post=11793"},{"taxonomy":"posicao","embeddable":true,"href":"https:\/\/cajamar.sp.gov.br\/noticias\/wp-json\/wp\/v2\/posicao?post=11793"}],"curies":[{"name":"wp","href":"https:\/\/api.w.org\/{rel}","templated":true}]}}