{"id":11810,"date":"2017-07-28T17:53:43","date_gmt":"2017-07-28T20:53:43","guid":{"rendered":"http:\/\/wphomologa.cijun.sp.gov.br\/STIMPREN\/?p=11810"},"modified":"2017-07-28T17:53:43","modified_gmt":"2017-07-28T20:53:43","slug":"prefeita-paula-ribas-recebe-vice-prefeito-de-jundiai","status":"publish","type":"post","link":"https:\/\/cajamar.sp.gov.br\/noticias\/2017\/07\/28\/prefeita-paula-ribas-recebe-vice-prefeito-de-jundiai\/","title":{"rendered":"Prefeita Paula Ribas recebe vice-prefeito de Jundia\u00ed"},"content":{"rendered":"<!-- id:4557 -->\n\n<div class=\"wp-block-image\">\n<figure class=\"aligncenter\">\n<img decoding=\"async\" src=\"https:\/\/cajamar.sp.gov.br\/wp-content\/uploads\/arquivo\/img4557a.jpg\" \/>\n\n<\/figure>\n<\/div>\n\n\nA Prefeita Paula Ribas, recebeu em seu gabinete na \u00faltima quarta-feira (26), o Vice-prefeito de Jundia\u00ed, Dr. Antonio Pacheco.<br><br>Durante a reuni\u00e3o o vice-prefeito de Jundia\u00ed convidou a prefeita para palestra de lan\u00e7amento do F\u00f3rum Intermunicipal \u201cCidades Criativas\u201d, que tem objetivo de debater propostas que ajudem a promover o turismo e o desenvolvimento econ\u00f4mico das cidades da regi\u00e3o. Os dois tamb\u00e9m falaram sobre melhorias, projetos e a\u00e7\u00f5es que beneficiem os munic\u00edpios e as rela\u00e7\u00f5es comerciais em que os dois t\u00eam em comum. <br><br>\u201cAcredito que a proximidade entre os dois munic\u00edpios venha trazer melhorias quando fazemos uma gest\u00e3o de parcerias e o F\u00f3rum Intermunicipal \u201cCidades Criativas\u201d ir\u00e1 favorecer muito \u00e0 nossa regi\u00e3o,\u201d ressaltou a prefeita.<br><br>Atualmente vice-prefeito de Jundia\u00ed Dr. Antonio Pacheco \u00e9 M\u00e9dico Pneumologista, tamb\u00e9m foi Secret\u00e1rio da Sa\u00fade de Louveira e Diretor de Sa\u00fade em Jundia\u00ed. <br><br>Participaram do encontro o Chefe de Gabinete Jos\u00e9 Angelotti, a presidente do Fundo Social de Solidariedade de Cajamar Matilde Helena Rossini, o Diretor de Neg\u00f3cios Jur\u00eddicos Carlos Alexandre Guio. <br>\n\n<!-- galeria:4557 -->\n\n<ul class=\"wp-block-gallery columns-2 is-cropped wp-block-gallery-1 is-layout-flex wp-block-gallery-is-layout-flex\">\n\n<li class=\"blocks-gallery-item\">\n\n<figure>\n\n<img decoding=\"async\" src=\"https:\/\/cajamar.sp.gov.br\/wp-content\/uploads\/arquivo\/img4557b.jpg\" \/>\n\n<figcaption><\/figcaption>\n\n<\/figure>\n\n<\/li>\n\n\n\n<li class=\"blocks-gallery-item\">\n\n<figure>\n\n<img decoding=\"async\" src=\"https:\/\/cajamar.sp.gov.br\/wp-content\/uploads\/arquivo\/img4557c.jpg\" \/>\n\n<figcaption><\/figcaption>\n\n<\/figure>\n\n<\/li>\n\n\n\n<\/ul>\n\n\n","protected":false},"excerpt":{"rendered":"<p>Dr. Antonio de P\u00e1dua Pacheco \u00e9 o vice-prefeito de Luiz Fernando Machado<\/p>\n","protected":false},"author":5,"featured_media":0,"comment_status":"open","ping_status":"open","sticky":false,"template":"","format":"standard","meta":{"footnotes":""},"categories":[1],"tags":[],"posicao":[],"class_list":["post-11810","post","type-post","status-publish","format-standard","hentry","category-noticias"],"_links":{"self":[{"href":"https:\/\/cajamar.sp.gov.br\/noticias\/wp-json\/wp\/v2\/posts\/11810","targetHints":{"allow":["GET"]}}],"collection":[{"href":"https:\/\/cajamar.sp.gov.br\/noticias\/wp-json\/wp\/v2\/posts"}],"about":[{"href":"https:\/\/cajamar.sp.gov.br\/noticias\/wp-json\/wp\/v2\/types\/post"}],"author":[{"embeddable":true,"href":"https:\/\/cajamar.sp.gov.br\/noticias\/wp-json\/wp\/v2\/users\/5"}],"replies":[{"embeddable":true,"href":"https:\/\/cajamar.sp.gov.br\/noticias\/wp-json\/wp\/v2\/comments?post=11810"}],"version-history":[{"count":0,"href":"https:\/\/cajamar.sp.gov.br\/noticias\/wp-json\/wp\/v2\/posts\/11810\/revisions"}],"wp:attachment":[{"href":"https:\/\/cajamar.sp.gov.br\/noticias\/wp-json\/wp\/v2\/media?parent=11810"}],"wp:term":[{"taxonomy":"category","embeddable":true,"href":"https:\/\/cajamar.sp.gov.br\/noticias\/wp-json\/wp\/v2\/categories?post=11810"},{"taxonomy":"post_tag","embeddable":true,"href":"https:\/\/cajamar.sp.gov.br\/noticias\/wp-json\/wp\/v2\/tags?post=11810"},{"taxonomy":"posicao","embeddable":true,"href":"https:\/\/cajamar.sp.gov.br\/noticias\/wp-json\/wp\/v2\/posicao?post=11810"}],"curies":[{"name":"wp","href":"https:\/\/api.w.org\/{rel}","templated":true}]}}