{"id":11853,"date":"2017-08-25T17:26:28","date_gmt":"2017-08-25T20:26:28","guid":{"rendered":"http:\/\/wphomologa.cijun.sp.gov.br\/STIMPREN\/?p=11853"},"modified":"2017-08-25T17:26:28","modified_gmt":"2017-08-25T20:26:28","slug":"prefeita-paula-ribas-participa-de-reuniao-do-cimbaju","status":"publish","type":"post","link":"https:\/\/cajamar.sp.gov.br\/noticias\/2017\/08\/25\/prefeita-paula-ribas-participa-de-reuniao-do-cimbaju\/","title":{"rendered":"Prefeita Paula Ribas participa de reuni\u00e3o do CIMBAJU"},"content":{"rendered":"<!-- id:4609 -->\n\n<div class=\"wp-block-image\">\n<figure class=\"aligncenter\">\n<img decoding=\"async\" src=\"https:\/\/cajamar.sp.gov.br\/wp-content\/uploads\/arquivo\/img4609a.jpg\" \/>\n\n<\/figure>\n<\/div>\n\n\nNesta sexta-feira (25), a Prefeita Paula Ribas esteve reunida com os prefeitos das cidades de Caieras, Francisco Morato, Franco da Rocha e Mairipor\u00e3, para uma Assembleia P\u00fablica do Cons\u00f3rcio Intermunicipal dos Munic\u00edpios da Bacia do Juquery \u2013 CIMBAJU. A reuni\u00e3o foi realizada na cidade de Franco da Rocha.<br><br>Na reuni\u00e3o foram discutidas as seguintes a\u00e7\u00f5es: <br><br>1) Apresenta\u00e7\u00e3o da SABESP sobre o andamento do cronograma de obras de Saneamento dos Munic\u00edpios da Bacia do Juquery; <br><br>2) Informes da Diretoria Geral; <br><br>3) Planejamento e Or\u00e7amento para 2018; <br><br>4) Relato do Colegiado Gestor de Sa\u00fade do CIMBAJU sobre o andamento do Projeto AME-CIMBAJU; <br><br>5) Autoriza\u00e7\u00e3o \u00e0 Presid\u00eancia e \u00e0 Diretoria Geral para celebra\u00e7\u00e3o de Contrato de Loca\u00e7\u00e3o de im\u00f3vel para atender servi\u00e7o de utilidade p\u00fablica de interesse regional na \u00e1rea de Seguran\u00e7a P\u00fablica, no Setor de Meio Ambiente, Defesa e Prote\u00e7\u00e3o Sanit\u00e1ria do Consumidor e Direitos Difusos, com determina\u00e7\u00e3o do modelo de custeio e ou rateio; <br><br>6) Autoriza\u00e7\u00e3o \u00e0 Presid\u00eancia e \u00e0 Diretoria Geral para procederem a abertura de processo de Chamamento de interessados na oferta de loca\u00e7\u00e3o de im\u00f3vel urbano comercial, conforme especifica\u00e7\u00f5es do Termo de Refer\u00eancia, adequados e aptos a imediata instala\u00e7\u00e3o e funcionamento de servi\u00e7os de utilidade na \u00e1rea de seguran\u00e7a p\u00fablica, na \u00e1rea de Defesa e Prote\u00e7\u00e3o da Mulher e da Fam\u00edlia, com atendimento \u00e0 popula\u00e7\u00e3o regional, com levantamento das respectivas cota\u00e7\u00f5es de pre\u00e7os de alugueis, inclu\u00eddas as despesas estimadas com \u00e1gua e luz, para at\u00e9 48 meses de loca\u00e7\u00e3o, tendo como limite de despesa anual o valor de at\u00e9 R$ 84.000,00 (oitenta e quatro mil reais), com determina\u00e7\u00e3o do modelo de custeio e ou rateio; <br><br>7) Autoriza\u00e7\u00e3o \u00e0 Presid\u00eancia e \u00e0 Diretoria Geral para celebrar Termo de Coopera\u00e7\u00e3o com o Instituto Ecoar para a Cidadania com vistas a apresenta\u00e7\u00e3o de Projeto com pleito de financiamento n\u00e3o reembols\u00e1vel junto ao Fundo Estadual de Recursos H\u00eddricos \u2013 FEHIDRO, para projeto de interesse regional (Cultivando \u00c1gua Boa \u2013 C.A.B.- com foco nas \u00e1reas de Mananciais e de Inunda\u00e7\u00e3o em Microbacias piloto do rio Juquery); <br><br>8) Outros Assuntos de interesse do CIMBAJU (PDUI \/ Consult; CBH-AT \/ Subcomit\u00ea Juquery Cantareira; etc.), dentre outros . O qu\u00f3rum de instala\u00e7\u00e3o e as delibera\u00e7\u00f5es ser\u00e3o considerados v\u00e1lidas com a presen\u00e7a e o voto da maioria absoluta dos membros consorciados presentes na Assembleia.<br><br>O CIMBAJU tem como objetivo integrar as cinco cidades da regi\u00e3o norte da Grande S\u00e3o Paulo, discutindo a\u00e7\u00f5es para o desenvolvimento de todos os munic\u00edpios, melhoria na uni\u00e3o dos munic\u00edpios para fortalecer a representatividade da regi\u00e3o com os governos Estadual e Federal.<br>\n\n<!-- galeria:4609 -->\n\n<ul class=\"wp-block-gallery columns-2 is-cropped wp-block-gallery-1 is-layout-flex wp-block-gallery-is-layout-flex\">\n\n<li class=\"blocks-gallery-item\">\n\n<figure>\n\n<img decoding=\"async\" src=\"https:\/\/cajamar.sp.gov.br\/wp-content\/uploads\/arquivo\/img4609b.jpg\" \/>\n\n<figcaption><\/figcaption>\n\n<\/figure>\n\n<\/li>\n\n\n\n<li class=\"blocks-gallery-item\">\n\n<figure>\n\n<img decoding=\"async\" src=\"https:\/\/cajamar.sp.gov.br\/wp-content\/uploads\/arquivo\/img4609c.jpg\" \/>\n\n<figcaption><\/figcaption>\n\n<\/figure>\n\n<\/li>\n\n\n\n<li class=\"blocks-gallery-item\">\n\n<figure>\n\n<img decoding=\"async\" src=\"https:\/\/cajamar.sp.gov.br\/wp-content\/uploads\/arquivo\/img4609d.jpg\" \/>\n\n<figcaption><\/figcaption>\n\n<\/figure>\n\n<\/li>\n\n\n\n<li class=\"blocks-gallery-item\">\n\n<figure>\n\n<img decoding=\"async\" src=\"https:\/\/cajamar.sp.gov.br\/wp-content\/uploads\/arquivo\/img4609e.jpg\" \/>\n\n<figcaption><\/figcaption>\n\n<\/figure>\n\n<\/li>\n\n\n\n<\/ul>\n\n\n","protected":false},"excerpt":{"rendered":"<p>O encontro aconteceu nesta sexta-feira (25), em Franco da Rocha<\/p>\n","protected":false},"author":5,"featured_media":0,"comment_status":"open","ping_status":"open","sticky":false,"template":"","format":"standard","meta":{"footnotes":""},"categories":[1],"tags":[],"posicao":[],"class_list":["post-11853","post","type-post","status-publish","format-standard","hentry","category-noticias"],"_links":{"self":[{"href":"https:\/\/cajamar.sp.gov.br\/noticias\/wp-json\/wp\/v2\/posts\/11853","targetHints":{"allow":["GET"]}}],"collection":[{"href":"https:\/\/cajamar.sp.gov.br\/noticias\/wp-json\/wp\/v2\/posts"}],"about":[{"href":"https:\/\/cajamar.sp.gov.br\/noticias\/wp-json\/wp\/v2\/types\/post"}],"author":[{"embeddable":true,"href":"https:\/\/cajamar.sp.gov.br\/noticias\/wp-json\/wp\/v2\/users\/5"}],"replies":[{"embeddable":true,"href":"https:\/\/cajamar.sp.gov.br\/noticias\/wp-json\/wp\/v2\/comments?post=11853"}],"version-history":[{"count":0,"href":"https:\/\/cajamar.sp.gov.br\/noticias\/wp-json\/wp\/v2\/posts\/11853\/revisions"}],"wp:attachment":[{"href":"https:\/\/cajamar.sp.gov.br\/noticias\/wp-json\/wp\/v2\/media?parent=11853"}],"wp:term":[{"taxonomy":"category","embeddable":true,"href":"https:\/\/cajamar.sp.gov.br\/noticias\/wp-json\/wp\/v2\/categories?post=11853"},{"taxonomy":"post_tag","embeddable":true,"href":"https:\/\/cajamar.sp.gov.br\/noticias\/wp-json\/wp\/v2\/tags?post=11853"},{"taxonomy":"posicao","embeddable":true,"href":"https:\/\/cajamar.sp.gov.br\/noticias\/wp-json\/wp\/v2\/posicao?post=11853"}],"curies":[{"name":"wp","href":"https:\/\/api.w.org\/{rel}","templated":true}]}}