{"id":11854,"date":"2017-08-30T16:32:16","date_gmt":"2017-08-30T19:32:16","guid":{"rendered":"http:\/\/wphomologa.cijun.sp.gov.br\/STIMPREN\/?p=11854"},"modified":"2017-08-30T16:32:16","modified_gmt":"2017-08-30T19:32:16","slug":"1a-expo-capoeira-reune-diversas-pessoas-na-academia-de-saude-do-pq-sao-roberto","status":"publish","type":"post","link":"https:\/\/cajamar.sp.gov.br\/noticias\/2017\/08\/30\/1a-expo-capoeira-reune-diversas-pessoas-na-academia-de-saude-do-pq-sao-roberto\/","title":{"rendered":"1\u00aa Expo-capoeira re\u00fane diversas pessoas na academia de sa\u00fade do Pq. S\u00e3o Roberto"},"content":{"rendered":"<!-- id:4610 -->\n\n<div class=\"wp-block-image\">\n<figure class=\"aligncenter\">\n<img decoding=\"async\" src=\"https:\/\/cajamar.sp.gov.br\/wp-content\/uploads\/arquivo\/img4610a.jpg\" \/>\n\n<\/figure>\n<\/div>\n\n\nIniciada nesta segunda-feira (28) a 1\u00aaExpo-capoeira em Cajamar est\u00e1 reunindo diversas pessoas na academia de sa\u00fade do Pq. S\u00e3o Roberto. A exposi\u00e7\u00e3o \u00e9 gratuita e conta a hist\u00f3ria da capoeira, atrav\u00e9s de apresenta\u00e7\u00f5es, fotos e instrumentos. A Expo-capoeira est\u00e1 aberta \u00e0 visita\u00e7\u00e3o at\u00e9 o dia 5 de setembro.<br><br>Ao passear pela exposi\u00e7\u00e3o, voc\u00ea poder\u00e1 encontrar diversas hist\u00f3rias da forma\u00e7\u00e3o da capoeira como a utiliza\u00e7\u00e3o de capoeiristas pelas for\u00e7as armadas do Brasil, na Guerra do Paraguai. <br><br>A exposi\u00e7\u00e3o \u00e9 apresentada pela Diretoria de Sa\u00fade em parceria com o grupo ABAD\u00c1 Capoeira (Associa\u00e7\u00e3o Brasileira de Apoio e Desenvolvimento da Arte Capoeira).<br><br>Para mais informa\u00e7\u00f5es entre em contato com a UBS do Pq. S\u00e3o Roberto pelo telefone 4447-5673.<br>\n\n<!-- galeria:4610 -->\n\n<ul class=\"wp-block-gallery columns-2 is-cropped wp-block-gallery-1 is-layout-flex wp-block-gallery-is-layout-flex\">\n\n<li class=\"blocks-gallery-item\">\n\n<figure>\n\n<img decoding=\"async\" src=\"https:\/\/cajamar.sp.gov.br\/wp-content\/uploads\/arquivo\/img4610b.jpg\" \/>\n\n<figcaption><\/figcaption>\n\n<\/figure>\n\n<\/li>\n\n\n\n<li class=\"blocks-gallery-item\">\n\n<figure>\n\n<img decoding=\"async\" src=\"https:\/\/cajamar.sp.gov.br\/wp-content\/uploads\/arquivo\/img4610c.jpg\" \/>\n\n<figcaption><\/figcaption>\n\n<\/figure>\n\n<\/li>\n\n\n\n<li class=\"blocks-gallery-item\">\n\n<figure>\n\n<img decoding=\"async\" src=\"https:\/\/cajamar.sp.gov.br\/wp-content\/uploads\/arquivo\/img4610d.jpg\" \/>\n\n<figcaption><\/figcaption>\n\n<\/figure>\n\n<\/li>\n\n\n\n<\/ul>\n\n\n","protected":false},"excerpt":{"rendered":"<p>Exposi\u00e7\u00e3o acontece at\u00e9 o dia 5 de setembro, das 8h \u00e0s 16h, entrada gratuita<\/p>\n","protected":false},"author":5,"featured_media":0,"comment_status":"open","ping_status":"open","sticky":false,"template":"","format":"standard","meta":{"footnotes":""},"categories":[2],"tags":[],"posicao":[],"class_list":["post-11854","post","type-post","status-publish","format-standard","hentry","category-saude"],"_links":{"self":[{"href":"https:\/\/cajamar.sp.gov.br\/noticias\/wp-json\/wp\/v2\/posts\/11854","targetHints":{"allow":["GET"]}}],"collection":[{"href":"https:\/\/cajamar.sp.gov.br\/noticias\/wp-json\/wp\/v2\/posts"}],"about":[{"href":"https:\/\/cajamar.sp.gov.br\/noticias\/wp-json\/wp\/v2\/types\/post"}],"author":[{"embeddable":true,"href":"https:\/\/cajamar.sp.gov.br\/noticias\/wp-json\/wp\/v2\/users\/5"}],"replies":[{"embeddable":true,"href":"https:\/\/cajamar.sp.gov.br\/noticias\/wp-json\/wp\/v2\/comments?post=11854"}],"version-history":[{"count":0,"href":"https:\/\/cajamar.sp.gov.br\/noticias\/wp-json\/wp\/v2\/posts\/11854\/revisions"}],"wp:attachment":[{"href":"https:\/\/cajamar.sp.gov.br\/noticias\/wp-json\/wp\/v2\/media?parent=11854"}],"wp:term":[{"taxonomy":"category","embeddable":true,"href":"https:\/\/cajamar.sp.gov.br\/noticias\/wp-json\/wp\/v2\/categories?post=11854"},{"taxonomy":"post_tag","embeddable":true,"href":"https:\/\/cajamar.sp.gov.br\/noticias\/wp-json\/wp\/v2\/tags?post=11854"},{"taxonomy":"posicao","embeddable":true,"href":"https:\/\/cajamar.sp.gov.br\/noticias\/wp-json\/wp\/v2\/posicao?post=11854"}],"curies":[{"name":"wp","href":"https:\/\/api.w.org\/{rel}","templated":true}]}}