{"id":11856,"date":"2017-08-31T09:53:27","date_gmt":"2017-08-31T12:53:27","guid":{"rendered":"http:\/\/wphomologa.cijun.sp.gov.br\/STIMPREN\/?p=11856"},"modified":"2017-08-31T09:53:27","modified_gmt":"2017-08-31T12:53:27","slug":"brigada-contra-o-aedes-aegypti-e-tema-da-sala-de-situacao-de-arboviroses","status":"publish","type":"post","link":"https:\/\/cajamar.sp.gov.br\/noticias\/2017\/08\/31\/brigada-contra-o-aedes-aegypti-e-tema-da-sala-de-situacao-de-arboviroses\/","title":{"rendered":"Brigada contra o Aedes aegypti \u00e9 tema da Sala de Situa\u00e7\u00e3o de Arboviroses"},"content":{"rendered":"<!-- id:4612 -->\n\n<div class=\"wp-block-image\">\n<figure class=\"aligncenter\">\n<img decoding=\"async\" src=\"https:\/\/cajamar.sp.gov.br\/wp-content\/uploads\/arquivo\/img4612a.jpg\" \/>\n\n<\/figure>\n<\/div>\n\n\nRepresentantes do Gabinete, a Vice-prefeita Dalete Oliveira, Pol\u00edcia Militar, FACCAMP, Diretorias de Sa\u00fade, Servi\u00e7os P\u00fablicos, Educa\u00e7\u00e3o, Neg\u00f3cios Jur\u00eddicos, Planejamento, Habita\u00e7\u00e3o, Cultura e Esportes, Zoonoses, Vigil\u00e2ncias Epidemiol\u00f3gica e Sanit\u00e1ria, Guarda Ambiental, Bombeiros e SUCEN participaram da 4\u00aa Sala de Situa\u00e7\u00e3o de Arboviroses, na C\u00e2mara Municipal, no in\u00edcio da segunda quinzena de agosto.<br><br>A cada Sala surgem novos participantes por isso as apresenta\u00e7\u00f5es come\u00e7am com o Relat\u00f3rio Geral de Atividades executadas desde o in\u00edcio do ano at\u00e9 o m\u00eas anterior \u00e0 reuni\u00e3o. <br><br>O foco desta vez foram as medidas de preven\u00e7\u00e3o com a intensifica\u00e7\u00e3o das a\u00e7\u00f5es de Febre Amarela, apresenta\u00e7\u00e3o das \u00e1reas mapeadas pela Secretaria de Sa\u00fade do Estado de S\u00e3o Paulo para os munic\u00edpios de Caieiras, Cajamar, Francisco Morato, Franco da Rocha e Mairipor\u00e3, incluindo nestas regi\u00f5es barreiras e conten\u00e7\u00f5es para impedir a chegada da doen\u00e7a, por meio de vacinas em \u00e1reas verdes pr\u00f3ximas a grande densidade populacional e tamb\u00e9m locais que n\u00e3o s\u00e3o totalmente mata nativa, mas que se situam pr\u00f3ximos a corredores ecol\u00f3gicos.<br><br>A Prefeitura organizou um cronograma das \u00e1reas de vacina\u00e7\u00e3o realizadas por servidores da Rede Municipal de Sa\u00fade com o apoio de alunos e da Prof.\u00aa Roseli da FACCAMP (Faculdade Campo Limpo).<br><br>Uma das propostas foi a cria\u00e7\u00e3o de uma Brigada contra o Aedes aegypti, que j\u00e1 est\u00e1 presente no Estado de S\u00e3o Paulo, por meio do Decreto 62.130, de 2016, que visa a cria\u00e7\u00e3o de equipes de trabalho em todos os \u00f3rg\u00e3os e entidades da Administra\u00e7\u00e3o P\u00fablica para vistoriar os pr\u00e9dios da Administra\u00e7\u00e3o e eliminar os focos do mosquito, quando encontrados. <br><br>A Diretoria de Servi\u00e7os P\u00fablicos apresentou um total de 2.578 notifica\u00e7\u00f5es entregues a propriet\u00e1rios de im\u00f3veis com necessidade de limpeza do terreno, constru\u00e7\u00e3o de muros e cal\u00e7adas e 658 autos de infra\u00e7\u00e3o, entre os meses de abril e julho, para aqueles que n\u00e3o realizaram o servi\u00e7o. <br><br>\u201cOs terrenos limpos far\u00e3o muita diferen\u00e7a quando chegar o ver\u00e3o. N\u00e3o queremos lembrar 2015\u201d, enfatizou a enfermeira F\u00e1tima Espinoza.<br><br>Com rela\u00e7\u00e3o \u00e0s \u00e1reas comtempladas com a vacina o chefe do Departamento de Vigil\u00e2ncia em Sa\u00fade, Marcos Bigardi explicou que a delimita\u00e7\u00e3o foi feita pela Secretaria de Sa\u00fade do Estado de S\u00e3o Paulo.<br><br>As principais a\u00e7\u00f5es da Prefeitura no combate ao Aedes aegytpi, desde o in\u00edcio do ano foram a confec\u00e7\u00e3o de faixas e banners informativos, atividades l\u00fadicas nas escolas, a\u00e7\u00f5es educativas com o Ex\u00e9rcito, palestras em igrejas, empresas e frigor\u00edfico e entrega de flyer (propaganda) nas Unidades de Sa\u00fade e nas ruas.  O uso de camisetas identificando os agentes de sa\u00fade facilitou o trabalho. Outras a\u00e7\u00f5es est\u00e3o previstas para os pr\u00f3ximos meses.<br><br>Folhetos informativos sobre o Aedes aegytpi , Cidade Consciente e repelente contra o mosquito foram entregues aos presentes. <br><br>A vacina\u00e7\u00e3o \u00e9 uma medida cautelar, realizada em dose \u00fanica, para impedir a chegada do v\u00edrus e confere 95% de prote\u00e7\u00e3o a partir do 10\u00ba dia ap\u00f3s a imuniza\u00e7\u00e3o.<br>\n\n<!-- galeria:4612 -->\n\n<ul class=\"wp-block-gallery columns-2 is-cropped wp-block-gallery-1 is-layout-flex wp-block-gallery-is-layout-flex\">\n\n<li class=\"blocks-gallery-item\">\n\n<figure>\n\n<img decoding=\"async\" src=\"https:\/\/cajamar.sp.gov.br\/wp-content\/uploads\/arquivo\/img4612b.jpg\" \/>\n\n<figcaption><\/figcaption>\n\n<\/figure>\n\n<\/li>\n\n\n\n<li class=\"blocks-gallery-item\">\n\n<figure>\n\n<img decoding=\"async\" src=\"https:\/\/cajamar.sp.gov.br\/wp-content\/uploads\/arquivo\/img4612c.jpg\" \/>\n\n<figcaption><\/figcaption>\n\n<\/figure>\n\n<\/li>\n\n\n\n<\/ul>\n\n\n","protected":false},"excerpt":{"rendered":"<p>Diretoria de Servi\u00e7os P\u00fablicos apresenta dados da parceria contra o mosquito<\/p>\n","protected":false},"author":5,"featured_media":0,"comment_status":"open","ping_status":"open","sticky":false,"template":"","format":"standard","meta":{"footnotes":""},"categories":[2],"tags":[],"posicao":[],"class_list":["post-11856","post","type-post","status-publish","format-standard","hentry","category-saude"],"_links":{"self":[{"href":"https:\/\/cajamar.sp.gov.br\/noticias\/wp-json\/wp\/v2\/posts\/11856","targetHints":{"allow":["GET"]}}],"collection":[{"href":"https:\/\/cajamar.sp.gov.br\/noticias\/wp-json\/wp\/v2\/posts"}],"about":[{"href":"https:\/\/cajamar.sp.gov.br\/noticias\/wp-json\/wp\/v2\/types\/post"}],"author":[{"embeddable":true,"href":"https:\/\/cajamar.sp.gov.br\/noticias\/wp-json\/wp\/v2\/users\/5"}],"replies":[{"embeddable":true,"href":"https:\/\/cajamar.sp.gov.br\/noticias\/wp-json\/wp\/v2\/comments?post=11856"}],"version-history":[{"count":0,"href":"https:\/\/cajamar.sp.gov.br\/noticias\/wp-json\/wp\/v2\/posts\/11856\/revisions"}],"wp:attachment":[{"href":"https:\/\/cajamar.sp.gov.br\/noticias\/wp-json\/wp\/v2\/media?parent=11856"}],"wp:term":[{"taxonomy":"category","embeddable":true,"href":"https:\/\/cajamar.sp.gov.br\/noticias\/wp-json\/wp\/v2\/categories?post=11856"},{"taxonomy":"post_tag","embeddable":true,"href":"https:\/\/cajamar.sp.gov.br\/noticias\/wp-json\/wp\/v2\/tags?post=11856"},{"taxonomy":"posicao","embeddable":true,"href":"https:\/\/cajamar.sp.gov.br\/noticias\/wp-json\/wp\/v2\/posicao?post=11856"}],"curies":[{"name":"wp","href":"https:\/\/api.w.org\/{rel}","templated":true}]}}