{"id":11869,"date":"2017-09-12T16:31:28","date_gmt":"2017-09-12T19:31:28","guid":{"rendered":"http:\/\/wphomologa.cijun.sp.gov.br\/STIMPREN\/?p=11869"},"modified":"2017-09-12T16:31:28","modified_gmt":"2017-09-12T19:31:28","slug":"cajamar-celebra-dia-da-independencia-com-desfile-de-fanfarras","status":"publish","type":"post","link":"https:\/\/cajamar.sp.gov.br\/noticias\/2017\/09\/12\/cajamar-celebra-dia-da-independencia-com-desfile-de-fanfarras\/","title":{"rendered":"Cajamar celebra Dia da Independ\u00eancia com desfile de fanfarras"},"content":{"rendered":"<!-- id:4626 -->\n\n<div class=\"wp-block-image\">\n<figure class=\"aligncenter\">\n<img decoding=\"async\" src=\"https:\/\/cajamar.sp.gov.br\/wp-content\/uploads\/arquivo\/img4626a.jpg\" \/>\n\n<\/figure>\n<\/div>\n\n\nNa \u00faltima quarta-feira (06), a Diretoria de Cultura promoveu o desfile da Fanfarra Municipal, em Cajamar. Na quinta-feira (07), Dia da Independ\u00eancia do Brasil, diversos bairros da cidade receberam o desfile da \u201cFanfarra Retr\u00f4\u201d, formada por ex-alunos da escola Estadual Suzana Dias. <br><br>O objetivo do desfile foi resgatar o civismo de forma independente, com a colabora\u00e7\u00e3o e participa\u00e7\u00e3o dos ex-alunos da escola.<br><br>A Prefeita Paula Ribas esteve prestigiando o desfile e elogiou a iniciativa dos alunos e do professor Eliseu Gomes. \u201c\u00c9 muito lindo ver essa mem\u00f3ria resgatada atrav\u00e9s dos desfiles. Parab\u00e9ns a todos que participaram desse projeto e ao professor Eliseu pela iniciativa\u201d, ressalta.<br><br>O professor Eliseu Gomes, respons\u00e1vel pela organiza\u00e7\u00e3o das fanfarras, destaca a import\u00e2ncia do desfile. \u201cEsse movimento nasceu de alunos de tr\u00eas d\u00e9cadas atr\u00e1s e eu abracei um tanto temeroso, mas eles estavam ansiosos por esse evento que deu muito certo. N\u00e3o se pode negar coopera\u00e7\u00e3o e empenho quando surge um grupo querendo realizar algo, valorizando um pouco mais as atividades sociais e c\u00edvicas no munic\u00edpio\u201d, afirma.<br>\n\n<!-- galeria:4626 -->\n\n<ul class=\"wp-block-gallery columns-2 is-cropped wp-block-gallery-1 is-layout-flex wp-block-gallery-is-layout-flex\">\n\n<li class=\"blocks-gallery-item\">\n\n<figure>\n\n<img decoding=\"async\" src=\"https:\/\/cajamar.sp.gov.br\/wp-content\/uploads\/arquivo\/img4626b.jpg\" \/>\n\n<figcaption><\/figcaption>\n\n<\/figure>\n\n<\/li>\n\n\n\n<li class=\"blocks-gallery-item\">\n\n<figure>\n\n<img decoding=\"async\" src=\"https:\/\/cajamar.sp.gov.br\/wp-content\/uploads\/arquivo\/img4626c.jpg\" \/>\n\n<figcaption><\/figcaption>\n\n<\/figure>\n\n<\/li>\n\n\n\n<li class=\"blocks-gallery-item\">\n\n<figure>\n\n<img decoding=\"async\" src=\"https:\/\/cajamar.sp.gov.br\/wp-content\/uploads\/arquivo\/img4626d.jpg\" \/>\n\n<figcaption><\/figcaption>\n\n<\/figure>\n\n<\/li>\n\n\n\n<li class=\"blocks-gallery-item\">\n\n<figure>\n\n<img decoding=\"async\" src=\"https:\/\/cajamar.sp.gov.br\/wp-content\/uploads\/arquivo\/img4626e.jpg\" \/>\n\n<figcaption><\/figcaption>\n\n<\/figure>\n\n<\/li>\n\n\n\n<\/ul>\n\n\n","protected":false},"excerpt":{"rendered":"<p>Diversos bairros da cidade receberam os desfiles da Fanfarra Municipal e Retr\u00f4<\/p>\n","protected":false},"author":5,"featured_media":0,"comment_status":"open","ping_status":"open","sticky":false,"template":"","format":"standard","meta":{"footnotes":""},"categories":[12],"tags":[],"posicao":[],"class_list":["post-11869","post","type-post","status-publish","format-standard","hentry","category-cultura"],"_links":{"self":[{"href":"https:\/\/cajamar.sp.gov.br\/noticias\/wp-json\/wp\/v2\/posts\/11869","targetHints":{"allow":["GET"]}}],"collection":[{"href":"https:\/\/cajamar.sp.gov.br\/noticias\/wp-json\/wp\/v2\/posts"}],"about":[{"href":"https:\/\/cajamar.sp.gov.br\/noticias\/wp-json\/wp\/v2\/types\/post"}],"author":[{"embeddable":true,"href":"https:\/\/cajamar.sp.gov.br\/noticias\/wp-json\/wp\/v2\/users\/5"}],"replies":[{"embeddable":true,"href":"https:\/\/cajamar.sp.gov.br\/noticias\/wp-json\/wp\/v2\/comments?post=11869"}],"version-history":[{"count":0,"href":"https:\/\/cajamar.sp.gov.br\/noticias\/wp-json\/wp\/v2\/posts\/11869\/revisions"}],"wp:attachment":[{"href":"https:\/\/cajamar.sp.gov.br\/noticias\/wp-json\/wp\/v2\/media?parent=11869"}],"wp:term":[{"taxonomy":"category","embeddable":true,"href":"https:\/\/cajamar.sp.gov.br\/noticias\/wp-json\/wp\/v2\/categories?post=11869"},{"taxonomy":"post_tag","embeddable":true,"href":"https:\/\/cajamar.sp.gov.br\/noticias\/wp-json\/wp\/v2\/tags?post=11869"},{"taxonomy":"posicao","embeddable":true,"href":"https:\/\/cajamar.sp.gov.br\/noticias\/wp-json\/wp\/v2\/posicao?post=11869"}],"curies":[{"name":"wp","href":"https:\/\/api.w.org\/{rel}","templated":true}]}}