{"id":11884,"date":"2017-09-27T09:04:41","date_gmt":"2017-09-27T12:04:41","guid":{"rendered":"http:\/\/wphomologa.cijun.sp.gov.br\/STIMPREN\/?p=11884"},"modified":"2017-09-27T09:04:41","modified_gmt":"2017-09-27T12:04:41","slug":"comunicado-3","status":"publish","type":"post","link":"https:\/\/cajamar.sp.gov.br\/noticias\/2017\/09\/27\/comunicado-3\/","title":{"rendered":"COMUNICADO"},"content":{"rendered":"<!-- id:4643 -->\n\n<div class=\"wp-block-image\">\n<figure class=\"aligncenter\">\n<img decoding=\"async\" src=\"https:\/\/cajamar.sp.gov.br\/wp-content\/uploads\/arquivo\/img4643a.jpg\" \/>\n\n<\/figure>\n<\/div>\n\n\nA Campanha de Vacina\u00e7\u00e3o Antirr\u00e1bica 2017 em Cajamar deve acontecer entre os dias 30\/09 e 11\/11, distribu\u00edda em diversos bairros da cidade em postos fixos e volantes para aqueles de dif\u00edcil acesso. A divis\u00e3o de zoonoses funcionar\u00e1 como posto fixo de segunda a sexta-feira das 9h \u00e0s 15h.<br><br>Al\u00e9m da participa\u00e7\u00e3o de representantes da Rede Municipal de Sa\u00fade, outras diretorias dever\u00e3o apoiar a Campanha na parte de divulga\u00e7\u00e3o e seguran\u00e7a. C\u00e3es e gatos ser\u00e3o imunizados.<br><br>O Departamento de Vigil\u00e2ncia em Sa\u00fade alerta que os c\u00e3es dever\u00e3o ser levados com coleira, guia, e focinheira (animais bravos). J\u00e1 os gatos dever\u00e3o ser conduzidos em caixas de transporte ou caixas ventiladas, para evitar a fuga.Somente maiores de 18 anos, com a carteira de vacina\u00e7\u00e3o do animal, caso tenham, poder\u00e3o lev\u00e1-los aos locais de vacina\u00e7\u00e3o. Com rela\u00e7\u00e3o aos animais de rua (comunit\u00e1rios) a orienta\u00e7\u00e3o \u00e9 que seus tutores (pessoas que cuidam) os levem.<br><br>Confira o novo cronograma<br><br>\u2022\t30\/09 \u2013 Ponunduva 9h \u00e0s 12h e das 13h30 \u00e0s 16h<br><br>07\/10 \u2013 Polvilho<br><br>\u2022\tPortal dos Ip\u00eas &#8211; 9h \u00e0s 12h<br>\u2022\tAlpes &#8211; 13:30 \u00e0s 16h<br>\u2022\tCedral\/Borelli &#8211; 9h \u00e0s 12h<br>\u2022\tCarolina Servid\u00e3o &#8211; 13h30 \u00e0s 16h<br>\u2022\tPanorama I e II &#8211; 9h \u00e0s 12h<br>\u2022\tPra\u00e7a dos Amigos &#8211; 13h30 \u00e0s 16h<br>\u2022\tCampo da UBS &#8211; 9h \u00e0s 12h  e das 13h30 \u00e0s 16h<br>\u2022\tS\u00e3o Jer\u00f4nimo &#8211; 9h \u00e0s 12h<br>\u2022\tMaria Mattar &#8211; 13h30 \u00e0s 16h<br>\u2022\tGin\u00e1sio Polvilho \u2013 9h \u00e0s 12h e das 13h30 \u00e0s 16h<br>\u2022\tGin\u00e1sio Para\u00edso \u2013 9h \u00e0s 12h e das 13h30 \u00e0s 16h<br><br>21\/10 \u2013 Locais Diversos<br><br>\u2022\tPesqueiro dos Elias \u2013 9h \u00e0s 12h<br>\u2022\tGato Preto \u2013 13h30 \u00e0s 16h<br>\u2022\tOlaria \/ Cimiga \u2013 9h \u00e0s 12h<br>\u2022\tIndepend\u00eancia \u2013 13h30 \u00e0s 16h<br>\u2022\tLago Azul \u2013 9h \u00e0s 12h<br>\u2022\tJurupari \u2013 9h \u00e0s 12h e das 13h30 \u00e0s 16h.<br>\u2022\tC\u00e2mara \u2013 9h \u00e0s 12h e das 13h30 \u00e0s 16h.<br>\u2022\tPra\u00e7a Lavrinha \u2013 9h \u00e0s 12h e das 13h30 \u00e0s 16h.<br>\u2022\tGuaturinho \u2013 9h \u00e0s 12h e das 13h30 \u00e0s 16h.<br><br>28\/10 \u2013 Jordan\u00e9sia <br><br>\u2022\tPra\u00e7a Parque S\u00e3o Roberto \u2013 9h \u00e0s 12h e das 13:30 \u00e0s 16h.<br>\u2022\tPra\u00e7a Igreja Cat\u00f3lica \u2013 9h \u00e0s 12h e das 13:30 \u00e0s 16h.<br>\u2022\tCaixa D\u2019 \u00e1gua S\u00e3o Roberto \u2013 9h \u00e0s 12h<br>\u2022\tCisalpinas \u2013 13:30 \u00e0s 16h<br>\u2022\tGin\u00e1sio \u2013  9h \u00e0s 12h e das 13h30 \u00e0s 16h.<br>\u2022\tS\u00e3o Jo\u00e3o \u2013 9h \u00e0s 12h                                                      <br>\u2022\tVila Abr\u00e3o \u2013 13h30 \u00e0s 16h<br>\u2022\tVila Marioti \u2013 9h \u00e0s 12h<br>\u2022\tVila Uni\u00e3o \u2013 13h30 \u00e0s 16h                                                   <br>\u2022\tMaria Lu\u00edza \u2013 9h \u00e0s 12h<br>\u2022\tNova Jordan\u00e9sia \u2013 13h30 \u00e0s 16h. <br><br>11\/11 \u2013 Locais Diversos <br><br>\u2022\tKM 41,5 \u2013 9h \u00e0s 12h e das 13h30 \u00e0s 16h.<br>\u2022\tKM 42 \u2013 9h \u00e0s 12h e das 13h30 \u00e0s 16h.<br>\u2022\tKM 43 \u2013 9h \u00e0s 12h e das 13h30 \u00e0s 16h.<br>\u2022\tSanta Terezinha \u2013 9h \u00e0s 12h e das 13h30 \u00e0s 16h.<br>\u2022\tScorpions- 9h \u00e0s 12h e das 13h30 \u00e0s 16h.<br>\u2022\tCapital Ville \u2013 9h \u00e0s 12h  e das 13h30 \u00e0s 16h.<br>\n\n<!-- galeria:4643 -->","protected":false},"excerpt":{"rendered":"<p>Vacina\u00e7\u00e3o Antirr\u00e1bica 2017<\/p>\n","protected":false},"author":5,"featured_media":0,"comment_status":"open","ping_status":"open","sticky":false,"template":"","format":"standard","meta":{"footnotes":""},"categories":[2],"tags":[],"posicao":[],"class_list":["post-11884","post","type-post","status-publish","format-standard","hentry","category-saude"],"_links":{"self":[{"href":"https:\/\/cajamar.sp.gov.br\/noticias\/wp-json\/wp\/v2\/posts\/11884","targetHints":{"allow":["GET"]}}],"collection":[{"href":"https:\/\/cajamar.sp.gov.br\/noticias\/wp-json\/wp\/v2\/posts"}],"about":[{"href":"https:\/\/cajamar.sp.gov.br\/noticias\/wp-json\/wp\/v2\/types\/post"}],"author":[{"embeddable":true,"href":"https:\/\/cajamar.sp.gov.br\/noticias\/wp-json\/wp\/v2\/users\/5"}],"replies":[{"embeddable":true,"href":"https:\/\/cajamar.sp.gov.br\/noticias\/wp-json\/wp\/v2\/comments?post=11884"}],"version-history":[{"count":0,"href":"https:\/\/cajamar.sp.gov.br\/noticias\/wp-json\/wp\/v2\/posts\/11884\/revisions"}],"wp:attachment":[{"href":"https:\/\/cajamar.sp.gov.br\/noticias\/wp-json\/wp\/v2\/media?parent=11884"}],"wp:term":[{"taxonomy":"category","embeddable":true,"href":"https:\/\/cajamar.sp.gov.br\/noticias\/wp-json\/wp\/v2\/categories?post=11884"},{"taxonomy":"post_tag","embeddable":true,"href":"https:\/\/cajamar.sp.gov.br\/noticias\/wp-json\/wp\/v2\/tags?post=11884"},{"taxonomy":"posicao","embeddable":true,"href":"https:\/\/cajamar.sp.gov.br\/noticias\/wp-json\/wp\/v2\/posicao?post=11884"}],"curies":[{"name":"wp","href":"https:\/\/api.w.org\/{rel}","templated":true}]}}