{"id":11925,"date":"2017-10-28T17:10:04","date_gmt":"2017-10-28T19:10:04","guid":{"rendered":"http:\/\/wphomologa.cijun.sp.gov.br\/STIMPREN\/?p=11925"},"modified":"2017-10-28T17:10:04","modified_gmt":"2017-10-28T19:10:04","slug":"prefeitura-inaugura-caps-centro-de-atencao-psicossocial-no-polvilho","status":"publish","type":"post","link":"https:\/\/cajamar.sp.gov.br\/noticias\/2017\/10\/28\/prefeitura-inaugura-caps-centro-de-atencao-psicossocial-no-polvilho\/","title":{"rendered":"Prefeitura inaugura CAPS \u2013 Centro de Aten\u00e7\u00e3o Psicossocial no Polvilho"},"content":{"rendered":"<!-- id:4684 -->\n\n<div class=\"wp-block-image\">\n<figure class=\"aligncenter\">\n<img decoding=\"async\" src=\"https:\/\/cajamar.sp.gov.br\/wp-content\/uploads\/arquivo\/img4684a.jpg\" \/>\n\n<\/figure>\n<\/div>\n\n\nA Prefeitura de Cajamar inaugurou, neste s\u00e1bado (28), o CAPS \u2013 Centro de Aten\u00e7\u00e3o Psicossocial. A unidade possui car\u00e1ter aberto e comunit\u00e1rio, dotado de equipes multiprofissionais e transdisciplinares, realizando atendimento a usu\u00e1rios com transtornos mentais graves e persistentes, a pessoas com sofrimento e transtornos mentais em geral sem excluir aqueles decorrentes do uso de crack, \u00e1lcool ou outras drogas. A cerim\u00f4nia contou com a presen\u00e7a dos Vereadores, Fabiano Galv\u00e3o, Irm\u00e3o Feliciano, Izelda Carna\u00faba, Marcelo do G\u00e1s, de diretores municipais, entidades e membros de conselhos  de Cajamar.<br><br><br>O Diretor de Sa\u00fade de Cajamar, Milton Cesar de Oliveira falou: \u201cEstamos realizando um grande Sonho, que \u00e9 a entrega do Centro de Aten\u00e7\u00e3o Psicossocial de Cajamar, oferecendo assim, a import\u00e2ncia que a Sa\u00fade Mental precisa ter em nosso munic\u00edpio.<br><br>Cumpre-me ressaltar, que era obriga\u00e7\u00e3o do munic\u00edpio ter o CAPS implantado, desde o ano de 2012 e este foi tamb\u00e9m sentenciado para abertura do CAPS, no prazo de 06 meses a partir de dezembro do ano de 2014, prazo que n\u00e3o foi cumprido.No ano de 2015, foi assinado o primeiro TAC com compromisso de abertura, o que tamb\u00e9m n\u00e3o ocorreu. <br><br>A Prefeitura mesmo em momento de crise assinou novo TAC e n\u00e3o mediu esfor\u00e7os para o seu cumprimento. Assim como tem cumprido na medida do poss\u00edvel, todos os compromissos assumidos com a popula\u00e7\u00e3o e com os outros poderes constitu\u00eddos. \u201d Ressaltou.<br><br>Milton Cesar de Oliveira finalizou seu discurso citando Dalai Lama: \u201cCultivar estados mentais positivos como a generosidade e a compaix\u00e3o decididamente conduz a melhor sa\u00fade mental e a felicidade.\u201d<br><br><br>O novo CAPS fica localizado na Rua Rita Maria de Jesus, 20 no Polvilho, com atendimento de segunda a sexta-feira das 08h as 17h, para mais informa\u00e7\u00f5es 11 4446-6900.<br>\n\n<!-- galeria:4684 -->\n\n<ul class=\"wp-block-gallery columns-2 is-cropped wp-block-gallery-1 is-layout-flex wp-block-gallery-is-layout-flex\">\n\n<li class=\"blocks-gallery-item\">\n\n<figure>\n\n<img decoding=\"async\" src=\"https:\/\/cajamar.sp.gov.br\/wp-content\/uploads\/arquivo\/img4684b.jpg\" \/>\n\n<figcaption><\/figcaption>\n\n<\/figure>\n\n<\/li>\n\n\n\n<li class=\"blocks-gallery-item\">\n\n<figure>\n\n<img decoding=\"async\" src=\"https:\/\/cajamar.sp.gov.br\/wp-content\/uploads\/arquivo\/img4684c.jpg\" \/>\n\n<figcaption><\/figcaption>\n\n<\/figure>\n\n<\/li>\n\n\n\n<li class=\"blocks-gallery-item\">\n\n<figure>\n\n<img decoding=\"async\" src=\"https:\/\/cajamar.sp.gov.br\/wp-content\/uploads\/arquivo\/img4684d.jpg\" \/>\n\n<figcaption><\/figcaption>\n\n<\/figure>\n\n<\/li>\n\n\n\n<li class=\"blocks-gallery-item\">\n\n<figure>\n\n<img decoding=\"async\" src=\"https:\/\/cajamar.sp.gov.br\/wp-content\/uploads\/arquivo\/img4684e.jpg\" \/>\n\n<figcaption><\/figcaption>\n\n<\/figure>\n\n<\/li>\n\n\n\n<li class=\"blocks-gallery-item\">\n\n<figure>\n\n<img decoding=\"async\" src=\"https:\/\/cajamar.sp.gov.br\/wp-content\/uploads\/arquivo\/img4684f.jpg\" \/>\n\n<figcaption>\n<\/figcaption>\n\n<\/figure>\n\n<\/li>\n\n\n\n<\/ul>\n\n\n","protected":false},"excerpt":{"rendered":"<p>A import\u00e2ncia que a Sa\u00fade Mental precisa ter em nosso munic\u00edpio<\/p>\n","protected":false},"author":5,"featured_media":0,"comment_status":"open","ping_status":"open","sticky":false,"template":"","format":"standard","meta":{"footnotes":""},"categories":[2],"tags":[],"posicao":[],"class_list":["post-11925","post","type-post","status-publish","format-standard","hentry","category-saude"],"_links":{"self":[{"href":"https:\/\/cajamar.sp.gov.br\/noticias\/wp-json\/wp\/v2\/posts\/11925","targetHints":{"allow":["GET"]}}],"collection":[{"href":"https:\/\/cajamar.sp.gov.br\/noticias\/wp-json\/wp\/v2\/posts"}],"about":[{"href":"https:\/\/cajamar.sp.gov.br\/noticias\/wp-json\/wp\/v2\/types\/post"}],"author":[{"embeddable":true,"href":"https:\/\/cajamar.sp.gov.br\/noticias\/wp-json\/wp\/v2\/users\/5"}],"replies":[{"embeddable":true,"href":"https:\/\/cajamar.sp.gov.br\/noticias\/wp-json\/wp\/v2\/comments?post=11925"}],"version-history":[{"count":0,"href":"https:\/\/cajamar.sp.gov.br\/noticias\/wp-json\/wp\/v2\/posts\/11925\/revisions"}],"wp:attachment":[{"href":"https:\/\/cajamar.sp.gov.br\/noticias\/wp-json\/wp\/v2\/media?parent=11925"}],"wp:term":[{"taxonomy":"category","embeddable":true,"href":"https:\/\/cajamar.sp.gov.br\/noticias\/wp-json\/wp\/v2\/categories?post=11925"},{"taxonomy":"post_tag","embeddable":true,"href":"https:\/\/cajamar.sp.gov.br\/noticias\/wp-json\/wp\/v2\/tags?post=11925"},{"taxonomy":"posicao","embeddable":true,"href":"https:\/\/cajamar.sp.gov.br\/noticias\/wp-json\/wp\/v2\/posicao?post=11925"}],"curies":[{"name":"wp","href":"https:\/\/api.w.org\/{rel}","templated":true}]}}