{"id":11929,"date":"2017-10-31T10:48:42","date_gmt":"2017-10-31T12:48:42","guid":{"rendered":"http:\/\/wphomologa.cijun.sp.gov.br\/STIMPREN\/?p=11929"},"modified":"2017-10-31T10:48:42","modified_gmt":"2017-10-31T12:48:42","slug":"cemiterio-de-cajamar-e-preparado-para-receber-visitantes-no-dia-de-finados","status":"publish","type":"post","link":"https:\/\/cajamar.sp.gov.br\/noticias\/2017\/10\/31\/cemiterio-de-cajamar-e-preparado-para-receber-visitantes-no-dia-de-finados\/","title":{"rendered":"Cemit\u00e9rio de Cajamar \u00e9 preparado para receber visitantes no Dia de Finados"},"content":{"rendered":"<!-- id:4689 -->\n\n<div class=\"wp-block-image\">\n<figure class=\"aligncenter\">\n<img decoding=\"async\" src=\"https:\/\/cajamar.sp.gov.br\/wp-content\/uploads\/arquivo\/img4689a.jpg\" \/>\n\n<\/figure>\n<\/div>\n\n\nA Prefeitura Municipal de Cajamar, convida toda popula\u00e7\u00e3o para programa\u00e7\u00e3o do dia de Finados.<br><br>A Diretoria de Servi\u00e7os P\u00fablicos de Cajamar realizou  reforma no Vel\u00f3rio Municipal, com manuten\u00e7\u00f5es e pinturas, para melhor atender aos mun\u00edcipes.<br>Confira abaixo  a programa\u00e7\u00e3o Especial do Dia de Finados, que acontecer\u00e1  no dia 02 de novembro de 2017.  <br><br>Programa\u00e7\u00e3o:<br><br>8h &#8211; Missa presidida pelo Pe. Juverci P. Siqueira (Matriz S\u00e3o Sebasti\u00e3o)<br>10h \u2013 Missa presidida pelo Pe. Genival A. Pessoto (Par\u00f3quia S\u00e3o Paulo Ap\u00f3stolo)<br>12h \u2013 Palestra Glaucio A. Infantil Junior (N\u00facleo Seara de Luz)<br>15h \u2013 Missa Presidida pelo Pe. Jo\u00e3o B. Santos (Par\u00f3quia Nossa Senhora da Alegria)<br><br>A Diretoria de Sa\u00fade pede que a popula\u00e7\u00e3o fique atenta e colabore com a preven\u00e7\u00e3o e combate \u00e0 dengue (Aedes aegypti), levando flores em vasos ou recipientes que n\u00e3o acumulem \u00e1gua.\n\n<!-- galeria:4689 -->\n\n<ul class=\"wp-block-gallery columns-2 is-cropped wp-block-gallery-1 is-layout-flex wp-block-gallery-is-layout-flex\">\n\n<li class=\"blocks-gallery-item\">\n\n<figure>\n\n<img decoding=\"async\" src=\"https:\/\/cajamar.sp.gov.br\/wp-content\/uploads\/arquivo\/img4689b.jpg\" \/>\n\n<figcaption><\/figcaption>\n\n<\/figure>\n\n<\/li>\n\n\n\n<li class=\"blocks-gallery-item\">\n\n<figure>\n\n<img decoding=\"async\" src=\"https:\/\/cajamar.sp.gov.br\/wp-content\/uploads\/arquivo\/img4689c.jpg\" \/>\n\n<figcaption><\/figcaption>\n\n<\/figure>\n\n<\/li>\n\n\n\n<\/ul>\n\n\n","protected":false},"excerpt":{"rendered":"<p>A visita\u00e7\u00e3o acontecer\u00e1 no dia 2 de novembro, das 7h \u00e0s 17 horas.<\/p>\n","protected":false},"author":5,"featured_media":0,"comment_status":"open","ping_status":"open","sticky":false,"template":"","format":"standard","meta":{"footnotes":""},"categories":[4],"tags":[],"posicao":[],"class_list":["post-11929","post","type-post","status-publish","format-standard","hentry","category-social"],"_links":{"self":[{"href":"https:\/\/cajamar.sp.gov.br\/noticias\/wp-json\/wp\/v2\/posts\/11929","targetHints":{"allow":["GET"]}}],"collection":[{"href":"https:\/\/cajamar.sp.gov.br\/noticias\/wp-json\/wp\/v2\/posts"}],"about":[{"href":"https:\/\/cajamar.sp.gov.br\/noticias\/wp-json\/wp\/v2\/types\/post"}],"author":[{"embeddable":true,"href":"https:\/\/cajamar.sp.gov.br\/noticias\/wp-json\/wp\/v2\/users\/5"}],"replies":[{"embeddable":true,"href":"https:\/\/cajamar.sp.gov.br\/noticias\/wp-json\/wp\/v2\/comments?post=11929"}],"version-history":[{"count":0,"href":"https:\/\/cajamar.sp.gov.br\/noticias\/wp-json\/wp\/v2\/posts\/11929\/revisions"}],"wp:attachment":[{"href":"https:\/\/cajamar.sp.gov.br\/noticias\/wp-json\/wp\/v2\/media?parent=11929"}],"wp:term":[{"taxonomy":"category","embeddable":true,"href":"https:\/\/cajamar.sp.gov.br\/noticias\/wp-json\/wp\/v2\/categories?post=11929"},{"taxonomy":"post_tag","embeddable":true,"href":"https:\/\/cajamar.sp.gov.br\/noticias\/wp-json\/wp\/v2\/tags?post=11929"},{"taxonomy":"posicao","embeddable":true,"href":"https:\/\/cajamar.sp.gov.br\/noticias\/wp-json\/wp\/v2\/posicao?post=11929"}],"curies":[{"name":"wp","href":"https:\/\/api.w.org\/{rel}","templated":true}]}}