{"id":11930,"date":"2017-10-31T15:38:05","date_gmt":"2017-10-31T17:38:05","guid":{"rendered":"http:\/\/wphomologa.cijun.sp.gov.br\/STIMPREN\/?p=11930"},"modified":"2017-10-31T15:38:05","modified_gmt":"2017-10-31T17:38:05","slug":"cajamar-realiza-a-primeira-conferencia-municipal-da-educacao","status":"publish","type":"post","link":"https:\/\/cajamar.sp.gov.br\/noticias\/2017\/10\/31\/cajamar-realiza-a-primeira-conferencia-municipal-da-educacao\/","title":{"rendered":"Cajamar realiza a primeira Confer\u00eancia Municipal da Educa\u00e7\u00e3o"},"content":{"rendered":"<!-- id:4690 -->\n\n<div class=\"wp-block-image\">\n<figure class=\"aligncenter\">\n<img decoding=\"async\" src=\"https:\/\/cajamar.sp.gov.br\/wp-content\/uploads\/arquivo\/img4690a.jpg\" \/>\n\n<\/figure>\n<\/div>\n\n\nFoi realizada na \u00faltima sexta-feira (27) na C\u00e2mara Municipal de Cajamar, a primeira Confer\u00eancia Municipal de Educa\u00e7\u00e3o. O evento, destinado ao di\u00e1logo, debate e encaminhamentos para a garantia do direito \u00e0 educa\u00e7\u00e3o, contou com a presen\u00e7a do Vereador Saulo, da Diretora de educa\u00e7\u00e3o, Jussara Possebon, da Presidente do F\u00f3rum da Educa\u00e7\u00e3o de Cajamar, Fernanda Barbosa de Morais, do Presidente da Uni\u00e3o dos Conselhos Nacionais de Educa\u00e7\u00e3o, Eduardo Cesar da Silva, de profissionais da \u00e1rea de educa\u00e7\u00e3o e popula\u00e7\u00e3o em geral. <br><br>\u201cEm nome da Prefeitura de Cajamar, quero agradecer a todos e dizer orgulhosamente que pela primeira vez, nosso munic\u00edpio, preocupado com a educa\u00e7\u00e3o da cidade, realiza a Primeira Confer\u00eancia Municipal de Educa\u00e7\u00e3o. Espa\u00e7o de participa\u00e7\u00e3o da sociedade para a formula\u00e7\u00e3o e acompanhamento da pol\u00edtica educacional. Aqui a popula\u00e7\u00e3o, juntamente com os profissionais ir\u00e3o discutir, propor, acompanhar e avaliar as pol\u00edticas p\u00fablicas no \u00e2mbito do sistema educacional, valorizando a educa\u00e7\u00e3o e proporcionando um futuro melhor \u00e0 todos\u201d \u2013 informou Jussara Possebon, Diretora de Educa\u00e7\u00e3o. <br><br>O professor Eduardo Cezar da Silva, presidente da Uni\u00e3o dos Conselhos Municipais de Educa\u00e7\u00e3o, iniciou sua palestra com a tem\u00e1tica. \u201c A Consolida\u00e7\u00e3o do Sistema Nacional de Educa\u00e7\u00e3o\u201c, ressaltando a import\u00e2ncia da institui\u00e7\u00e3o do F\u00f3rum que  permite a amplia\u00e7\u00e3o e o envolvimento da comunidade local nas discuss\u00f5es sobre educa\u00e7\u00e3o, no acompanhamento das a\u00e7\u00f5es e das proposi\u00e7\u00f5es de pol\u00edticas educacionais. \u201cAl\u00e9m disso, os F\u00f3runs s\u00e3o inst\u00e2ncias fundamentais para materializar o princ\u00edpio constitucional da gest\u00e3o democr\u00e1tica\u201d.<br><br>\u201cA participa\u00e7\u00e3o de todos deve fortalecer os v\u00ednculos, dar suporte e apoio aos representantes, aos \u00f3rg\u00e3os e entidades, mobilizando o compromisso  com express\u00f5es de ideias e propostas, atendendo assim o anseio de todos\u201d \u2013 informou Fernanda Barbosa de Morais, Presidente do F\u00f3rum da Educa\u00e7\u00e3o de Cajamar. <br><br>No s\u00e1bado (28), iniciou-se os trabalhos  com estudos e discuss\u00f5es sobre os eixos do Documento Refer\u00eancia do CONAE (Confer\u00eancia Nacional de Educa\u00e7\u00e3o), onde \u00e0 partir de  debates, proposi\u00e7\u00f5es e  vota\u00e7\u00f5es, Cajamar definiu  emendas e elegeu delegados  que contribuir\u00e3o para a etapa da CONAE Estadual. <br><br>Durante o evento foram realizadas apresenta\u00e7\u00f5es culturais com a participa\u00e7\u00e3o dos alunos das EMEB Veneranda de Freitas Pinto e Victor Henrique Costa Possebon. Os alunos abrilhantaram o evento demonstrando um trabalho com muito carinho e dedica\u00e7\u00e3o. <br>\n\n<!-- galeria:4690 -->\n\n<ul class=\"wp-block-gallery columns-2 is-cropped wp-block-gallery-1 is-layout-flex wp-block-gallery-is-layout-flex\">\n\n<li class=\"blocks-gallery-item\">\n\n<figure>\n\n<img decoding=\"async\" src=\"https:\/\/cajamar.sp.gov.br\/wp-content\/uploads\/arquivo\/img4690b.jpg\" \/>\n\n<figcaption><\/figcaption>\n\n<\/figure>\n\n<\/li>\n\n\n\n<li class=\"blocks-gallery-item\">\n\n<figure>\n\n<img decoding=\"async\" src=\"https:\/\/cajamar.sp.gov.br\/wp-content\/uploads\/arquivo\/img4690c.jpg\" \/>\n\n<figcaption><\/figcaption>\n\n<\/figure>\n\n<\/li>\n\n\n\n<li class=\"blocks-gallery-item\">\n\n<figure>\n\n<img decoding=\"async\" src=\"https:\/\/cajamar.sp.gov.br\/wp-content\/uploads\/arquivo\/img4690d.jpg\" \/>\n\n<figcaption><\/figcaption>\n\n<\/figure>\n\n<\/li>\n\n\n\n<li class=\"blocks-gallery-item\">\n\n<figure>\n\n<img decoding=\"async\" src=\"https:\/\/cajamar.sp.gov.br\/wp-content\/uploads\/arquivo\/img4690e.jpg\" \/>\n\n<figcaption><\/figcaption>\n\n<\/figure>\n\n<\/li>\n\n\n\n<\/ul>\n\n\n","protected":false},"excerpt":{"rendered":"<p>Evento ocorreu na C\u00e2mara Municipal na \u00faltima sexta-feira (27)<\/p>\n","protected":false},"author":5,"featured_media":0,"comment_status":"open","ping_status":"open","sticky":false,"template":"","format":"standard","meta":{"footnotes":""},"categories":[8],"tags":[],"posicao":[],"class_list":["post-11930","post","type-post","status-publish","format-standard","hentry","category-educacao"],"_links":{"self":[{"href":"https:\/\/cajamar.sp.gov.br\/noticias\/wp-json\/wp\/v2\/posts\/11930","targetHints":{"allow":["GET"]}}],"collection":[{"href":"https:\/\/cajamar.sp.gov.br\/noticias\/wp-json\/wp\/v2\/posts"}],"about":[{"href":"https:\/\/cajamar.sp.gov.br\/noticias\/wp-json\/wp\/v2\/types\/post"}],"author":[{"embeddable":true,"href":"https:\/\/cajamar.sp.gov.br\/noticias\/wp-json\/wp\/v2\/users\/5"}],"replies":[{"embeddable":true,"href":"https:\/\/cajamar.sp.gov.br\/noticias\/wp-json\/wp\/v2\/comments?post=11930"}],"version-history":[{"count":0,"href":"https:\/\/cajamar.sp.gov.br\/noticias\/wp-json\/wp\/v2\/posts\/11930\/revisions"}],"wp:attachment":[{"href":"https:\/\/cajamar.sp.gov.br\/noticias\/wp-json\/wp\/v2\/media?parent=11930"}],"wp:term":[{"taxonomy":"category","embeddable":true,"href":"https:\/\/cajamar.sp.gov.br\/noticias\/wp-json\/wp\/v2\/categories?post=11930"},{"taxonomy":"post_tag","embeddable":true,"href":"https:\/\/cajamar.sp.gov.br\/noticias\/wp-json\/wp\/v2\/tags?post=11930"},{"taxonomy":"posicao","embeddable":true,"href":"https:\/\/cajamar.sp.gov.br\/noticias\/wp-json\/wp\/v2\/posicao?post=11930"}],"curies":[{"name":"wp","href":"https:\/\/api.w.org\/{rel}","templated":true}]}}