{"id":11979,"date":"2017-12-20T14:50:14","date_gmt":"2017-12-20T16:50:14","guid":{"rendered":"http:\/\/wphomologa.cijun.sp.gov.br\/STIMPREN\/?p=11979"},"modified":"2017-12-20T14:50:14","modified_gmt":"2017-12-20T16:50:14","slug":"prefeitura-discute-planejamento-de-acoes-para-2018","status":"publish","type":"post","link":"https:\/\/cajamar.sp.gov.br\/noticias\/2017\/12\/20\/prefeitura-discute-planejamento-de-acoes-para-2018\/","title":{"rendered":"Prefeitura discute planejamento de a\u00e7\u00f5es para 2018"},"content":{"rendered":"<!-- id:4743 -->\n\n<div class=\"wp-block-image\">\n<figure class=\"aligncenter\">\n<img decoding=\"async\" src=\"https:\/\/cajamar.sp.gov.br\/wp-content\/uploads\/arquivo\/img4743a.jpg\" \/>\n\n<\/figure>\n<\/div>\n\n\nNa manh\u00e3 desta quarta-feira (20), a prefeita em exerc\u00edcio Dalete Oliveira e diretores municipais se reuniram para discutir o planejamento das a\u00e7\u00f5es da Prefeitura no in\u00edcio do pr\u00f3ximo ano. <br><br>Algumas das prioridades na \u00e1rea da Sa\u00fade, em janeiro, ser\u00e3o estruturar novamente o PSF (Programa Sa\u00fade da Fam\u00edlia), com o chamamento p\u00fablico de nova organiza\u00e7\u00e3o social, e o processo seletivo para contrata\u00e7\u00e3o de m\u00e9dicos especialistas e profissionais de enfermagem.<br><br><br>As escolas municipais devem receber servi\u00e7os de reparos e manuten\u00e7\u00e3o, antes do retorno das aulas.<br><br>A atual gest\u00e3o j\u00e1 autorizou a loca\u00e7\u00e3o de m\u00e1quinas pesadas e de equipamentos para intensificar a execu\u00e7\u00e3o de servi\u00e7os p\u00fablicos e tamb\u00e9m para melhorar atua\u00e7\u00e3o da Defesa Civil, al\u00e9m da compra de material de sinaliza\u00e7\u00e3o de tr\u00e2nsito.<br> <br>V\u00e1rios processos de licita\u00e7\u00f5es e preg\u00f5es que estavam parados j\u00e1 est\u00e3o em andamento para aquisi\u00e7\u00e3o de materiais e servi\u00e7os. <br><br>Neste um m\u00eas da nova gest\u00e3o, a Prefeitura conseguiu junto aos fornecedores que amea\u00e7aram paralisar servi\u00e7os essenciais por falta de pagamento, a execu\u00e7\u00e3o normal na cidade, como \u00e9 o caso da coleta de lixo, mais 19 meses de atraso; e o contrato de loca\u00e7\u00e3o de ambul\u00e2ncias e viaturas da GCM, que n\u00e3o era pago h\u00e1 cinco meses. <br>\n\n<!-- galeria:4743 -->","protected":false},"excerpt":{"rendered":"<p>Em janeiro, o munic\u00edpio realizar\u00e1 processo seletivo para contrata\u00e7\u00e3o de m\u00e9dicos especialistas e profissionais de enfermagem, al\u00e9m de estruturar novamente o PSF (Programa Sa\u00fade da Fam\u00edlia)<\/p>\n","protected":false},"author":5,"featured_media":0,"comment_status":"open","ping_status":"open","sticky":false,"template":"","format":"standard","meta":{"footnotes":""},"categories":[1],"tags":[],"posicao":[],"class_list":["post-11979","post","type-post","status-publish","format-standard","hentry","category-noticias"],"_links":{"self":[{"href":"https:\/\/cajamar.sp.gov.br\/noticias\/wp-json\/wp\/v2\/posts\/11979","targetHints":{"allow":["GET"]}}],"collection":[{"href":"https:\/\/cajamar.sp.gov.br\/noticias\/wp-json\/wp\/v2\/posts"}],"about":[{"href":"https:\/\/cajamar.sp.gov.br\/noticias\/wp-json\/wp\/v2\/types\/post"}],"author":[{"embeddable":true,"href":"https:\/\/cajamar.sp.gov.br\/noticias\/wp-json\/wp\/v2\/users\/5"}],"replies":[{"embeddable":true,"href":"https:\/\/cajamar.sp.gov.br\/noticias\/wp-json\/wp\/v2\/comments?post=11979"}],"version-history":[{"count":0,"href":"https:\/\/cajamar.sp.gov.br\/noticias\/wp-json\/wp\/v2\/posts\/11979\/revisions"}],"wp:attachment":[{"href":"https:\/\/cajamar.sp.gov.br\/noticias\/wp-json\/wp\/v2\/media?parent=11979"}],"wp:term":[{"taxonomy":"category","embeddable":true,"href":"https:\/\/cajamar.sp.gov.br\/noticias\/wp-json\/wp\/v2\/categories?post=11979"},{"taxonomy":"post_tag","embeddable":true,"href":"https:\/\/cajamar.sp.gov.br\/noticias\/wp-json\/wp\/v2\/tags?post=11979"},{"taxonomy":"posicao","embeddable":true,"href":"https:\/\/cajamar.sp.gov.br\/noticias\/wp-json\/wp\/v2\/posicao?post=11979"}],"curies":[{"name":"wp","href":"https:\/\/api.w.org\/{rel}","templated":true}]}}