{"id":11986,"date":"2018-01-02T12:06:05","date_gmt":"2018-01-02T14:06:05","guid":{"rendered":"http:\/\/wphomologa.cijun.sp.gov.br\/STIMPREN\/?p=11986"},"modified":"2018-01-02T12:06:05","modified_gmt":"2018-01-02T14:06:05","slug":"projeto-acao-comunitaria-forma-segunda-turma","status":"publish","type":"post","link":"https:\/\/cajamar.sp.gov.br\/noticias\/2018\/01\/02\/projeto-acao-comunitaria-forma-segunda-turma\/","title":{"rendered":"Projeto A\u00e7\u00e3o Comunit\u00e1ria forma segunda turma"},"content":{"rendered":"<!-- id:4750 -->\n\n<div class=\"wp-block-image\">\n<figure class=\"aligncenter\">\n<img decoding=\"async\" src=\"https:\/\/cajamar.sp.gov.br\/wp-content\/uploads\/arquivo\/img4750a.jpg\" \/>\n\n<\/figure>\n<\/div>\n\n\nOcorreu na noite do \u00faltimo s\u00e1bado, dia 23 de dezembro, no sal\u00e3o de eventos da Par\u00f3quia S\u00e3o Sebasti\u00e3o, em Cajamar-Centro, a formatura dos alunos do Projeto A\u00e7\u00e3o Comunit\u00e1ria, que \u00e9 realizado no Bairro S\u00e3o Benedito, localizado no km 43 da Via Anhanguera.<br><br>A formatura contou com a participa\u00e7\u00e3o de autoridades, como a prefeita em exerc\u00edcio Dalete Oliveira;o diretor de Administra\u00e7\u00e3o, Dr. M\u00e1rcio Santos; o diretor de Neg\u00f3cios Jur\u00eddicos, Dr. Ricardo Rodrigues Gama; o padre Juverci; empres\u00e1rio Masatochi Yahiro; o representante do Rotary Cajamar, Andr\u00e9 Domingues; a diretora de Educa\u00e7\u00e3o, Karla Cristina Pereira; a coordenadora de Educa\u00e7\u00e3o, Zilma Prota, al\u00e9m de convidados.<br><br>\u201cO Projeto A\u00e7\u00e3o Comunit\u00e1ria \u00e9 muito importante, pois beneficia toda a comunidade, promovendo educa\u00e7\u00e3o, cultura e lazer, al\u00e9m de dar foco \u00e0 valoriza\u00e7\u00e3o da fam\u00edlia\u201d,disse a prefeita Dalete. <br><br>Sobre<br><br>A entidade sem fins lucrativos \u00e9 mantida pelo professor Ronaldo Mariano e conta com o apoio do empres\u00e1rio Masatoshi Yahiro e equipe de volunt\u00e1rios.<br><br>\u201cA entidade foi criada h\u00e1 um ano e \u00e9 mantida pelos empres\u00e1rios Masatochi Yahiro e Ronaldo Mariano, com objetivo de promover a educa\u00e7\u00e3o, cultura e lazer em \u00e1reas de Cajamar, como o bairro S\u00e3o Benedito. O Projeto A\u00e7\u00e3o Comunit\u00e1ria nasceu no final do ano de 2016 e todos seus membros trabalham de forma volunt\u00e1ria, tendo como meta a melhoria da qualidade de ensino atrav\u00e9s de aulas Matem\u00e1tica e cursos profissionalizantes\u201d, informou o professor Ronaldo Mariano. <br><br>\n\n<!-- galeria:4750 -->\n\n<ul class=\"wp-block-gallery columns-2 is-cropped wp-block-gallery-1 is-layout-flex wp-block-gallery-is-layout-flex\">\n\n<li class=\"blocks-gallery-item\">\n\n<figure>\n\n<img decoding=\"async\" src=\"https:\/\/cajamar.sp.gov.br\/wp-content\/uploads\/arquivo\/img4750b.jpg\" \/>\n\n<figcaption><\/figcaption>\n\n<\/figure>\n\n<\/li>\n\n\n\n<li class=\"blocks-gallery-item\">\n\n<figure>\n\n<img decoding=\"async\" src=\"https:\/\/cajamar.sp.gov.br\/wp-content\/uploads\/arquivo\/img4750c.jpg\" \/>\n\n<figcaption><\/figcaption>\n\n<\/figure>\n\n<\/li>\n\n\n\n<li class=\"blocks-gallery-item\">\n\n<figure>\n\n<img decoding=\"async\" src=\"https:\/\/cajamar.sp.gov.br\/wp-content\/uploads\/arquivo\/img4750d.jpg\" \/>\n\n<figcaption><\/figcaption>\n\n<\/figure>\n\n<\/li>\n\n\n\n<li class=\"blocks-gallery-item\">\n\n<figure>\n\n<img decoding=\"async\" src=\"https:\/\/cajamar.sp.gov.br\/wp-content\/uploads\/arquivo\/img4750e.jpg\" \/>\n\n<figcaption><\/figcaption>\n\n<\/figure>\n\n<\/li>\n\n\n\n<\/ul>\n\n\n","protected":false},"excerpt":{"rendered":"<p>O projeto foi criado h\u00e1 um ano e promove educa\u00e7\u00e3o, cultura e lazer em \u00e1reas de Cajamar<\/p>\n","protected":false},"author":5,"featured_media":0,"comment_status":"open","ping_status":"open","sticky":false,"template":"","format":"standard","meta":{"footnotes":""},"categories":[8],"tags":[],"posicao":[],"class_list":["post-11986","post","type-post","status-publish","format-standard","hentry","category-educacao"],"_links":{"self":[{"href":"https:\/\/cajamar.sp.gov.br\/noticias\/wp-json\/wp\/v2\/posts\/11986","targetHints":{"allow":["GET"]}}],"collection":[{"href":"https:\/\/cajamar.sp.gov.br\/noticias\/wp-json\/wp\/v2\/posts"}],"about":[{"href":"https:\/\/cajamar.sp.gov.br\/noticias\/wp-json\/wp\/v2\/types\/post"}],"author":[{"embeddable":true,"href":"https:\/\/cajamar.sp.gov.br\/noticias\/wp-json\/wp\/v2\/users\/5"}],"replies":[{"embeddable":true,"href":"https:\/\/cajamar.sp.gov.br\/noticias\/wp-json\/wp\/v2\/comments?post=11986"}],"version-history":[{"count":0,"href":"https:\/\/cajamar.sp.gov.br\/noticias\/wp-json\/wp\/v2\/posts\/11986\/revisions"}],"wp:attachment":[{"href":"https:\/\/cajamar.sp.gov.br\/noticias\/wp-json\/wp\/v2\/media?parent=11986"}],"wp:term":[{"taxonomy":"category","embeddable":true,"href":"https:\/\/cajamar.sp.gov.br\/noticias\/wp-json\/wp\/v2\/categories?post=11986"},{"taxonomy":"post_tag","embeddable":true,"href":"https:\/\/cajamar.sp.gov.br\/noticias\/wp-json\/wp\/v2\/tags?post=11986"},{"taxonomy":"posicao","embeddable":true,"href":"https:\/\/cajamar.sp.gov.br\/noticias\/wp-json\/wp\/v2\/posicao?post=11986"}],"curies":[{"name":"wp","href":"https:\/\/api.w.org\/{rel}","templated":true}]}}