{"id":12001,"date":"2018-01-08T11:37:05","date_gmt":"2018-01-08T13:37:05","guid":{"rendered":"http:\/\/wphomologa.cijun.sp.gov.br\/STIMPREN\/?p=12001"},"modified":"2018-01-08T11:37:05","modified_gmt":"2018-01-08T13:37:05","slug":"guarda-municipal-divulga-balanco-com-mais-de-1-700-acoes-no-final-do-ano","status":"publish","type":"post","link":"https:\/\/cajamar.sp.gov.br\/noticias\/2018\/01\/08\/guarda-municipal-divulga-balanco-com-mais-de-1-700-acoes-no-final-do-ano\/","title":{"rendered":"Guarda Municipal divulga balan\u00e7o com mais de 1.700 a\u00e7\u00f5es no final do ano"},"content":{"rendered":"<!-- id:4765 -->\n\n<div class=\"wp-block-image\">\n<figure class=\"aligncenter\">\n<img decoding=\"async\" src=\"https:\/\/cajamar.sp.gov.br\/wp-content\/uploads\/arquivo\/img4765a.jpg\" \/>\n\n<\/figure>\n<\/div>\n\n\nA Guarda Civil Municipal de Cajamar divulgou um balan\u00e7o das a\u00e7\u00f5es de final de ano em Cajamar com ocorr\u00eancias e atendimentos registrados no per\u00edodo. Foram 17 apreens\u00f5es de ve\u00edculos irregulares,13 ve\u00edculos localizados, 215 pessoas abordadas, 236 solicita\u00e7\u00f5es dos moradores atrav\u00e9s do fone, 11 pris\u00f5es em flagrante, e mais de 1.277 apreens\u00f5es de drogas. <br><br>\u201cDesde que a prefeita Dalete assumiu a Guarda Municipal est\u00e1 em per\u00edodo de reestrutura\u00e7\u00e3o e melhorar o atendimento. Neste per\u00edodo, fizemos algumas mudan\u00e7as internas a fim de tornar a Guarda Civil Municipal mais presente no dia a dia, ajudado no controle e preven\u00e7\u00e3o da criminalidade e tamb\u00e9m melhorando o ambiente de trabalho, fornecendo novos uniformes e equipamentos\u201d, informou Ot\u00e1vio Tomaz, Diretor de Seguran\u00e7a Urbana.  <br><br>\u201cDentre as mudan\u00e7as houve a troca de hor\u00e1rio de plant\u00f5es, mudan\u00e7a de escala das viaturas, mudan\u00e7a da base da Guarda Ambiental para o bairro do Ponunduva a fim de melhorar o policiamento e proteger a Serra do Japi, implanta\u00e7\u00e3o da Ronda Comunit\u00e1ria a p\u00e9 nos centros comerciais no final do ano e amplia\u00e7\u00e3o da ronda extensiva em todo o munic\u00edpio\u201d, informou Esli Ferreira dos Santos, comandante da GCM.<br><br>No m\u00eas de Janeiro tamb\u00e9m est\u00e1 em estudo \u00e0 implanta\u00e7\u00e3o de monitoramento eletr\u00f4nico em alguns pontos da cidade com a ajuda da iniciativa privada. <br>\n\n<!-- galeria:4765 -->\n\n<ul class=\"wp-block-gallery columns-2 is-cropped wp-block-gallery-1 is-layout-flex wp-block-gallery-is-layout-flex\">\n\n<li class=\"blocks-gallery-item\">\n\n<figure>\n\n<img decoding=\"async\" src=\"https:\/\/cajamar.sp.gov.br\/wp-content\/uploads\/arquivo\/img4765b.jpg\" \/>\n\n<figcaption><\/figcaption>\n\n<\/figure>\n\n<\/li>\n\n\n\n<li class=\"blocks-gallery-item\">\n\n<figure>\n\n<img decoding=\"async\" src=\"https:\/\/cajamar.sp.gov.br\/wp-content\/uploads\/arquivo\/img4765c.jpg\" \/>\n\n<figcaption><\/figcaption>\n\n<\/figure>\n\n<\/li>\n\n\n\n<\/ul>\n\n\n","protected":false},"excerpt":{"rendered":"<p>As mudan\u00e7as visam tornar a Guarda Municipal mais presente no dia a dia da popula\u00e7\u00e3o trazendo seguran\u00e7a e preven\u00e7\u00e3o<\/p>\n","protected":false},"author":5,"featured_media":0,"comment_status":"open","ping_status":"open","sticky":false,"template":"","format":"standard","meta":{"footnotes":""},"categories":[17],"tags":[],"posicao":[],"class_list":["post-12001","post","type-post","status-publish","format-standard","hentry","category-seguranca-urbana"],"_links":{"self":[{"href":"https:\/\/cajamar.sp.gov.br\/noticias\/wp-json\/wp\/v2\/posts\/12001","targetHints":{"allow":["GET"]}}],"collection":[{"href":"https:\/\/cajamar.sp.gov.br\/noticias\/wp-json\/wp\/v2\/posts"}],"about":[{"href":"https:\/\/cajamar.sp.gov.br\/noticias\/wp-json\/wp\/v2\/types\/post"}],"author":[{"embeddable":true,"href":"https:\/\/cajamar.sp.gov.br\/noticias\/wp-json\/wp\/v2\/users\/5"}],"replies":[{"embeddable":true,"href":"https:\/\/cajamar.sp.gov.br\/noticias\/wp-json\/wp\/v2\/comments?post=12001"}],"version-history":[{"count":0,"href":"https:\/\/cajamar.sp.gov.br\/noticias\/wp-json\/wp\/v2\/posts\/12001\/revisions"}],"wp:attachment":[{"href":"https:\/\/cajamar.sp.gov.br\/noticias\/wp-json\/wp\/v2\/media?parent=12001"}],"wp:term":[{"taxonomy":"category","embeddable":true,"href":"https:\/\/cajamar.sp.gov.br\/noticias\/wp-json\/wp\/v2\/categories?post=12001"},{"taxonomy":"post_tag","embeddable":true,"href":"https:\/\/cajamar.sp.gov.br\/noticias\/wp-json\/wp\/v2\/tags?post=12001"},{"taxonomy":"posicao","embeddable":true,"href":"https:\/\/cajamar.sp.gov.br\/noticias\/wp-json\/wp\/v2\/posicao?post=12001"}],"curies":[{"name":"wp","href":"https:\/\/api.w.org\/{rel}","templated":true}]}}