{"id":12008,"date":"2018-01-11T13:55:09","date_gmt":"2018-01-11T15:55:09","guid":{"rendered":"http:\/\/wphomologa.cijun.sp.gov.br\/STIMPREN\/?p=12008"},"modified":"2018-01-11T13:55:09","modified_gmt":"2018-01-11T15:55:09","slug":"comunicado-urgente-febre-amarela","status":"publish","type":"post","link":"https:\/\/cajamar.sp.gov.br\/noticias\/2018\/01\/11\/comunicado-urgente-febre-amarela\/","title":{"rendered":"COMUNICADO URGENTE:  FEBRE AMARELA"},"content":{"rendered":"<!-- id:4772 -->\n\n<div class=\"wp-block-image\">\n<figure class=\"aligncenter\">\n<img decoding=\"async\" src=\"https:\/\/cajamar.sp.gov.br\/wp-content\/uploads\/arquivo\/img4772a.jpg\" \/>\n\n<\/figure>\n<\/div>\n\n\nTendo em vista not\u00edcia divulgada pela m\u00eddia televisiva, de que subiu para 31 o n\u00famero de casos suspeitos de febre amarela em Mairipor\u00e3, munic\u00edpio da Grande S\u00e3o Paulo, e que destes, 11 s\u00e3o \u00f3bitos e 17 pacientes est\u00e3o hospitalizados, conv\u00e9m fazer algumas considera\u00e7\u00f5es a ser transmitidas a popula\u00e7\u00e3o de Cajamar.<br><br>&#8211; Cajamar encontra-se classificado dentro do grupo de munic\u00edpios do Estado de S\u00e3o Paulo, em rela\u00e7\u00e3o a Febre Amarela, como \u00c1rea com recomenda\u00e7\u00e3o tempor\u00e1ria de vacina\u00e7\u00e3o.<br><br>&#8211; Em raz\u00e3o desta classifica\u00e7\u00e3o, Cajamar teve \u00e1reas priorizadas pela Secretaria Estadual da Sa\u00fade (SES), ainda no final do m\u00eas de Julho de 2017, como priorit\u00e1rias para Intensifica\u00e7\u00e3o e Imuniza\u00e7\u00e3o contra a Febre Amarela.<br><br>&#8211; Nestas reuni\u00f5es com a SES ficaram estabelecidas as seguintes localidades para Vacina\u00e7\u00e3o:<br><br>CAPITAL VILLE, SERRA DOS CRISTAIS, S\u00c3O BENEDITO, KM 41, KM 42, KM 44, SCORPIOS, CH\u00c1CARAS ROS\u00c1RIO, SANTA TEREZINHA, PONUNDUVA, LAGO AZUL e posteriormente, COLINA MARIA LUIZA e COLINA VERDE.<br>&#8211;<br> As a\u00e7\u00f5es de vacina\u00e7\u00e3o tiveram in\u00edcio no dia 05\/08\/2017, nestas localidades e a partir do m\u00eas de Outubro, ampliado a todo o munic\u00edpio de Cajamar, onde foram feitos 17 s\u00e1bados de campanha, al\u00e9m do atendimento de rotina nas Unidades de Sa\u00fade.<br><br>&#8211; Vacinamos aproximadamente, 50.000 pessoas, totalizando 68% da popula\u00e7\u00e3o de Cajamar.<br><br>&#8211; Considerando-se as proximidades com os outros munic\u00edpios da GVE IX (Caieiras, Franco da Rocha, Francisco Morato, Mairipor\u00e3), bem como a situa\u00e7\u00e3o Emergencial de Mairipor\u00e3, est\u00e1 ocorrendo uma demanda acima da normalidade, em nossas Unidades de Sa\u00fade, causando alguns epis\u00f3dios de Tumultos e ofensas aos servidores destas unidades.<br><br>&#8211; As Unidades de Sa\u00fade, tem em sua rotina, outras atividades di\u00e1rias, como curativos, pr\u00e9-consultas, consultas, exames de Papanicolau, coleta de exames de laborat\u00f3rio, consultas de enfermagem, odontologia, fonoaudiologia, psicologia, al\u00e9m da pr\u00f3pria vacina\u00e7\u00e3o de rotina das crian\u00e7as.<br><br>&#8211; Lembramos, que esta demanda agora, n\u00e3o se justifica, devido a Campanha ter se iniciado h\u00e1 5 meses e continuar\u00e1 por prazo indeterminado.<br><br>&#8211; Informamos que as Unidades de Sa\u00fade, UBS Polvilho, UBS Jordan\u00e9sia, UBS Leontina M. Franca(Pq. S\u00e3o Roberto), estar\u00e3o vacinando de Segunda \u00e0 Sextas, das 8 \u00e0s 12 hs.<br><br>&#8211; Informamos tamb\u00e9m, que o PSF Cajamar e o PSF Ponunduva, estar\u00e3o vacinando as Ter\u00e7as-feiras, das 8 \u00e0s 12 hs.<br><br>&#8211; COMUNICAMOS, que neste S\u00e1bado, dia 13 de Janeiro, estaremos efetuando VACINA\u00c7\u00c3O CONTRA FEBRE AMARELA, na UBS Polvilho, (Rua Timburis \u2013 Panorama), das 8h \u00e0s 15h.<br><br>VACINEM-SE.<br>FEBRE AMARELA, MATA!<br><br>DIRETORIA DE SA\u00daDE<br>DEPARTAMENTO DE VIGIL\u00c2NCIA \u00c0 SA\u00daDE<br>VIGIL\u00c2NCIA EPIDEMIOL\u00d3GICA<br>CAJAMAR &#8211; SP<br>\n\n<!-- galeria:4772 -->","protected":false},"excerpt":{"rendered":"<p>Neste s\u00e1bado, dia 13 de Janeiro, haver\u00e1 vacina\u00e7\u00e3o contra febre amarela na UBS do Polvilho,  das 8 h \u00e0s 15h<\/p>\n","protected":false},"author":5,"featured_media":0,"comment_status":"open","ping_status":"open","sticky":false,"template":"","format":"standard","meta":{"footnotes":""},"categories":[2],"tags":[],"posicao":[],"class_list":["post-12008","post","type-post","status-publish","format-standard","hentry","category-saude"],"_links":{"self":[{"href":"https:\/\/cajamar.sp.gov.br\/noticias\/wp-json\/wp\/v2\/posts\/12008","targetHints":{"allow":["GET"]}}],"collection":[{"href":"https:\/\/cajamar.sp.gov.br\/noticias\/wp-json\/wp\/v2\/posts"}],"about":[{"href":"https:\/\/cajamar.sp.gov.br\/noticias\/wp-json\/wp\/v2\/types\/post"}],"author":[{"embeddable":true,"href":"https:\/\/cajamar.sp.gov.br\/noticias\/wp-json\/wp\/v2\/users\/5"}],"replies":[{"embeddable":true,"href":"https:\/\/cajamar.sp.gov.br\/noticias\/wp-json\/wp\/v2\/comments?post=12008"}],"version-history":[{"count":0,"href":"https:\/\/cajamar.sp.gov.br\/noticias\/wp-json\/wp\/v2\/posts\/12008\/revisions"}],"wp:attachment":[{"href":"https:\/\/cajamar.sp.gov.br\/noticias\/wp-json\/wp\/v2\/media?parent=12008"}],"wp:term":[{"taxonomy":"category","embeddable":true,"href":"https:\/\/cajamar.sp.gov.br\/noticias\/wp-json\/wp\/v2\/categories?post=12008"},{"taxonomy":"post_tag","embeddable":true,"href":"https:\/\/cajamar.sp.gov.br\/noticias\/wp-json\/wp\/v2\/tags?post=12008"},{"taxonomy":"posicao","embeddable":true,"href":"https:\/\/cajamar.sp.gov.br\/noticias\/wp-json\/wp\/v2\/posicao?post=12008"}],"curies":[{"name":"wp","href":"https:\/\/api.w.org\/{rel}","templated":true}]}}