{"id":12019,"date":"2018-01-18T17:25:23","date_gmt":"2018-01-18T19:25:23","guid":{"rendered":"http:\/\/wphomologa.cijun.sp.gov.br\/STIMPREN\/?p=12019"},"modified":"2018-01-18T17:25:23","modified_gmt":"2018-01-18T19:25:23","slug":"comunidade-catolica-comemora-dia-de-sao-sebastiao","status":"publish","type":"post","link":"https:\/\/cajamar.sp.gov.br\/noticias\/2018\/01\/18\/comunidade-catolica-comemora-dia-de-sao-sebastiao\/","title":{"rendered":"Comunidade cat\u00f3lica comemora Dia de S\u00e3o Sebasti\u00e3o"},"content":{"rendered":"<!-- id:4783 -->\n\n<div class=\"wp-block-image\">\n<figure class=\"aligncenter\">\n<img decoding=\"async\" src=\"https:\/\/cajamar.sp.gov.br\/wp-content\/uploads\/arquivo\/img4783a.jpg\" \/>\n\n<\/figure>\n<\/div>\n\n\nA Par\u00f3quia S\u00e3o Sebasti\u00e3o de Cajamar realiza neste s\u00e1bado (20), a partir das 18h, a prociss\u00e3o em homenagem ao Padroeiro da cidade. A sa\u00edda ser\u00e1 da Pra\u00e7a Alfredo S\u00f3ria, seguindo at\u00e9 o sal\u00e3o da igreja, onde ser\u00e1 celebrada a missa especial, \u00e0s 19h30. <br><br>A programa\u00e7\u00e3o tamb\u00e9m inclui tr\u00eas dias de quermesse, no Gin\u00e1sio Poliesportivo Lamartine de Paula Lima (Cajamar-Centro), com barracas t\u00edpicas e apresenta\u00e7\u00f5es do Grupo Folia de Reis. Sexta e domingo come\u00e7a a partir das 19h e no s\u00e1bado, ap\u00f3s o encerramento da missa.  <br><br>A Par\u00f3quia S\u00e3o Sebasti\u00e3o contou com o apoio da Prefeitura de Cajamar e tamb\u00e9m da C\u00e2mara Municipal. <br>\n\n<!-- galeria:4783 -->","protected":false},"excerpt":{"rendered":"<p>No s\u00e1bado (20) haver\u00e1 prociss\u00e3o, missa especial e quermesse, que j\u00e1 come\u00e7a na sexta (19), no Gin\u00e1sio de Cajamar-Centro<\/p>\n","protected":false},"author":5,"featured_media":0,"comment_status":"open","ping_status":"open","sticky":false,"template":"","format":"standard","meta":{"footnotes":""},"categories":[5],"tags":[],"posicao":[],"class_list":["post-12019","post","type-post","status-publish","format-standard","hentry","category-esportes-e-lazer"],"_links":{"self":[{"href":"https:\/\/cajamar.sp.gov.br\/noticias\/wp-json\/wp\/v2\/posts\/12019","targetHints":{"allow":["GET"]}}],"collection":[{"href":"https:\/\/cajamar.sp.gov.br\/noticias\/wp-json\/wp\/v2\/posts"}],"about":[{"href":"https:\/\/cajamar.sp.gov.br\/noticias\/wp-json\/wp\/v2\/types\/post"}],"author":[{"embeddable":true,"href":"https:\/\/cajamar.sp.gov.br\/noticias\/wp-json\/wp\/v2\/users\/5"}],"replies":[{"embeddable":true,"href":"https:\/\/cajamar.sp.gov.br\/noticias\/wp-json\/wp\/v2\/comments?post=12019"}],"version-history":[{"count":0,"href":"https:\/\/cajamar.sp.gov.br\/noticias\/wp-json\/wp\/v2\/posts\/12019\/revisions"}],"wp:attachment":[{"href":"https:\/\/cajamar.sp.gov.br\/noticias\/wp-json\/wp\/v2\/media?parent=12019"}],"wp:term":[{"taxonomy":"category","embeddable":true,"href":"https:\/\/cajamar.sp.gov.br\/noticias\/wp-json\/wp\/v2\/categories?post=12019"},{"taxonomy":"post_tag","embeddable":true,"href":"https:\/\/cajamar.sp.gov.br\/noticias\/wp-json\/wp\/v2\/tags?post=12019"},{"taxonomy":"posicao","embeddable":true,"href":"https:\/\/cajamar.sp.gov.br\/noticias\/wp-json\/wp\/v2\/posicao?post=12019"}],"curies":[{"name":"wp","href":"https:\/\/api.w.org\/{rel}","templated":true}]}}