{"id":12119,"date":"2018-04-12T18:51:10","date_gmt":"2018-04-12T21:51:10","guid":{"rendered":"http:\/\/wphomologa.cijun.sp.gov.br\/STIMPREN\/?p=12119"},"modified":"2018-04-12T18:51:10","modified_gmt":"2018-04-12T21:51:10","slug":"comissao-de-servidores-da-merenda-escolar-e-recebida-pela-prefeita","status":"publish","type":"post","link":"https:\/\/cajamar.sp.gov.br\/noticias\/2018\/04\/12\/comissao-de-servidores-da-merenda-escolar-e-recebida-pela-prefeita\/","title":{"rendered":"Comiss\u00e3o de servidores da merenda escolar \u00e9 recebida pela prefeita"},"content":{"rendered":"<!-- id:4882 -->\n\n<div class=\"wp-block-image\">\n<figure class=\"aligncenter\">\n<img decoding=\"async\" src=\"https:\/\/cajamar.sp.gov.br\/wp-content\/uploads\/arquivo\/img4882a.jpg\" \/>\n<figcaption>Comiss\u00e3o foi recebida na sala de Reuni\u00f5es do Gabinete<\/figcaption>\n<\/figure>\n<\/div>\n\n\nA prefeita Dalete Oliveira recebeu na manh\u00e3 desta quinta-feira (12) uma comiss\u00e3o de servidores da merenda escolar, que veio buscar esclarecimentos sobre o Projeto de Lei Complementar n\u00ba 04\/2018, que disp\u00f5e sobre altera\u00e7\u00e3o de padr\u00e3o e n\u00edveis de vencimentos, retirado da pauta da sess\u00e3o da C\u00e2mara Municipal da \u00faltima quarta-feira 11. O grupo estava acompanhado do vereador Neiz\u00e3o.<br><br>A aprova\u00e7\u00e3o do projeto \u00e9 aguardada com expectativa, pois atende a uma antiga reivindica\u00e7\u00e3o de servidores da \u00e1rea da Educa\u00e7\u00e3o, quanto \u00e0 adequa\u00e7\u00e3o salarial, como \u00e9 o caso das merendeiras, auxiliares de servi\u00e7os gerais, secret\u00e1rios de escolas e oficiais administrativo de escolas, al\u00e9m de cargos efetivos inclu\u00eddos nesta etapa da mudan\u00e7a do padr\u00e3o e n\u00edveis de vencimentos.  <br><br>Todo o impasse surgiu porque o Executivo retirou o projeto de lei para aguardar os apontamentos do Legislativo, que n\u00e3o concordou com a proposta apresentada. <br><br>Os aspectos t\u00e9cnicos seguiram pareceres jur\u00eddicos e financeiros. A prefeita disse que o projeto ser\u00e1 reenviado \u00e0 C\u00e2mara Municipal t\u00e3o logo receba os apontamentos para tomar as provid\u00eancias. <br>\n\n<!-- galeria:4882 -->","protected":false},"excerpt":{"rendered":"<p>Categoria aguarda aprova\u00e7\u00e3o de projeto de Lei que disp\u00f5e sobre altera\u00e7\u00e3o de padr\u00e3o e n\u00edveis de vencimentos<\/p>\n","protected":false},"author":5,"featured_media":0,"comment_status":"open","ping_status":"open","sticky":false,"template":"","format":"standard","meta":{"footnotes":""},"categories":[1],"tags":[],"posicao":[],"class_list":["post-12119","post","type-post","status-publish","format-standard","hentry","category-noticias"],"_links":{"self":[{"href":"https:\/\/cajamar.sp.gov.br\/noticias\/wp-json\/wp\/v2\/posts\/12119","targetHints":{"allow":["GET"]}}],"collection":[{"href":"https:\/\/cajamar.sp.gov.br\/noticias\/wp-json\/wp\/v2\/posts"}],"about":[{"href":"https:\/\/cajamar.sp.gov.br\/noticias\/wp-json\/wp\/v2\/types\/post"}],"author":[{"embeddable":true,"href":"https:\/\/cajamar.sp.gov.br\/noticias\/wp-json\/wp\/v2\/users\/5"}],"replies":[{"embeddable":true,"href":"https:\/\/cajamar.sp.gov.br\/noticias\/wp-json\/wp\/v2\/comments?post=12119"}],"version-history":[{"count":0,"href":"https:\/\/cajamar.sp.gov.br\/noticias\/wp-json\/wp\/v2\/posts\/12119\/revisions"}],"wp:attachment":[{"href":"https:\/\/cajamar.sp.gov.br\/noticias\/wp-json\/wp\/v2\/media?parent=12119"}],"wp:term":[{"taxonomy":"category","embeddable":true,"href":"https:\/\/cajamar.sp.gov.br\/noticias\/wp-json\/wp\/v2\/categories?post=12119"},{"taxonomy":"post_tag","embeddable":true,"href":"https:\/\/cajamar.sp.gov.br\/noticias\/wp-json\/wp\/v2\/tags?post=12119"},{"taxonomy":"posicao","embeddable":true,"href":"https:\/\/cajamar.sp.gov.br\/noticias\/wp-json\/wp\/v2\/posicao?post=12119"}],"curies":[{"name":"wp","href":"https:\/\/api.w.org\/{rel}","templated":true}]}}