{"id":12158,"date":"2018-05-03T13:45:21","date_gmt":"2018-05-03T16:45:21","guid":{"rendered":"http:\/\/wphomologa.cijun.sp.gov.br\/STIMPREN\/?p=12158"},"modified":"2018-05-03T13:45:21","modified_gmt":"2018-05-03T16:45:21","slug":"defesa-civil-realiza-reuniao-da-comissao-permanente-para-analise-de-areas-de-risco","status":"publish","type":"post","link":"https:\/\/cajamar.sp.gov.br\/noticias\/2018\/05\/03\/defesa-civil-realiza-reuniao-da-comissao-permanente-para-analise-de-areas-de-risco\/","title":{"rendered":"Defesa Civil realiza reuni\u00e3o da Comiss\u00e3o Permanente para An\u00e1lise de \u00c1reas de Risco"},"content":{"rendered":"<!-- id:4928 -->\n\n<div class=\"wp-block-image\">\n<figure class=\"aligncenter\">\n<img decoding=\"async\" src=\"https:\/\/cajamar.sp.gov.br\/wp-content\/uploads\/arquivo\/img4928a.jpg\" \/>\n<figcaption>Reuni\u00e3o da Comiss\u00e3o de Avalia\u00e7\u00e3o Permanente de Analise de \u00c1reas de Risco, na \u00faltima ter\u00e7a-feira (24)<\/figcaption>\n<\/figure>\n<\/div>\n\n\nRealizada na Coordenadoria de Defesa Civil, no Boi\u00f3dromo em Jordan\u00e9sia, na ter\u00e7a-feira (24), a reuni\u00e3o da Comiss\u00e3o Permanente para Avalia\u00e7\u00e3o de \u00c1reas de Risco, \u00e9 um grupo multidisciplinar constitu\u00edda por representantes de diferentes setores da Prefeitura, entre eles: Defesa Civil, Desenvolvimento Social, Fazenda, Fiscaliza\u00e7\u00e3o, Meio Ambiente, Habita\u00e7\u00e3o, Planejamento, Obras, e Servi\u00e7os P\u00fablicos, al\u00e9m Superintend\u00eancias.<br><br>A Comiss\u00e3o foi criada pela Portaria n\u00b0847\/18, com o objetivo de atender as determina\u00e7\u00f5es do Minist\u00e9rio P\u00fablico, relacionadas aos pontos identificados como cr\u00edticos no munic\u00edpio, por\u00e9m, as propostas de solu\u00e7\u00f5es, assim como o cronograma de execu\u00e7\u00e3o de poss\u00edveis obras sejam elaboradas de maneira conjunta e, posteriormente, enviadas para a avalia\u00e7\u00e3o e aprova\u00e7\u00e3o do Minist\u00e9rio P\u00fablico. <br><br>Na ocasi\u00e3o, a prefeita Dalete Oliveira abriu o encontro, agradecendo o empenho do grupo em atender as determina\u00e7\u00f5es do \u00f3rg\u00e3o do Estado da maneira correta, considerando a opini\u00e3o de todos. <br><br>\n\n<!-- galeria:4928 -->","protected":false},"excerpt":{"rendered":"<p>Grupo discute solu\u00e7\u00f5es para as \u00e1reas de risco de Cajamar<\/p>\n","protected":false},"author":5,"featured_media":0,"comment_status":"open","ping_status":"open","sticky":false,"template":"","format":"standard","meta":{"footnotes":""},"categories":[20],"tags":[],"posicao":[],"class_list":["post-12158","post","type-post","status-publish","format-standard","hentry","category-defesa-civil"],"_links":{"self":[{"href":"https:\/\/cajamar.sp.gov.br\/noticias\/wp-json\/wp\/v2\/posts\/12158","targetHints":{"allow":["GET"]}}],"collection":[{"href":"https:\/\/cajamar.sp.gov.br\/noticias\/wp-json\/wp\/v2\/posts"}],"about":[{"href":"https:\/\/cajamar.sp.gov.br\/noticias\/wp-json\/wp\/v2\/types\/post"}],"author":[{"embeddable":true,"href":"https:\/\/cajamar.sp.gov.br\/noticias\/wp-json\/wp\/v2\/users\/5"}],"replies":[{"embeddable":true,"href":"https:\/\/cajamar.sp.gov.br\/noticias\/wp-json\/wp\/v2\/comments?post=12158"}],"version-history":[{"count":0,"href":"https:\/\/cajamar.sp.gov.br\/noticias\/wp-json\/wp\/v2\/posts\/12158\/revisions"}],"wp:attachment":[{"href":"https:\/\/cajamar.sp.gov.br\/noticias\/wp-json\/wp\/v2\/media?parent=12158"}],"wp:term":[{"taxonomy":"category","embeddable":true,"href":"https:\/\/cajamar.sp.gov.br\/noticias\/wp-json\/wp\/v2\/categories?post=12158"},{"taxonomy":"post_tag","embeddable":true,"href":"https:\/\/cajamar.sp.gov.br\/noticias\/wp-json\/wp\/v2\/tags?post=12158"},{"taxonomy":"posicao","embeddable":true,"href":"https:\/\/cajamar.sp.gov.br\/noticias\/wp-json\/wp\/v2\/posicao?post=12158"}],"curies":[{"name":"wp","href":"https:\/\/api.w.org\/{rel}","templated":true}]}}