{"id":12179,"date":"2018-05-15T15:46:57","date_gmt":"2018-05-15T18:46:57","guid":{"rendered":"http:\/\/wphomologa.cijun.sp.gov.br\/STIMPREN\/?p=12179"},"modified":"2018-05-15T15:46:57","modified_gmt":"2018-05-15T18:46:57","slug":"dia-do-assistente-social-e-comemorado","status":"publish","type":"post","link":"https:\/\/cajamar.sp.gov.br\/noticias\/2018\/05\/15\/dia-do-assistente-social-e-comemorado\/","title":{"rendered":"Dia do Assistente Social \u00e9 comemorado"},"content":{"rendered":"<!-- id:4959 -->\n\n<div class=\"wp-block-image\">\n<figure class=\"aligncenter\">\n<img decoding=\"async\" src=\"https:\/\/cajamar.sp.gov.br\/wp-content\/uploads\/arquivo\/img4959a.jpg\" \/>\n<figcaption>O dia 15 de maio celebra o dia do profissional dos Servi\u00e7os Sociais, que esse ano foram homenageados no caf\u00e9 da manh\u00e3, realizado na sede do Fundo Social de Solidariedade <\/figcaption>\n<\/figure>\n<\/div>\n\n\nEm um caf\u00e9 da manh\u00e3 na sede do Fundo Social de Solidariedade, nesta ter\u00e7a-feira, 15 de maio \u2013 Dia do Assistente Social, os profissionais foram homenageados por todo trabalho de acolhimento e garantia de direitos que realizam no munic\u00edpio, n\u00e3o apenas na \u00e1rea de Desenvolvimento Social, mas tamb\u00e9m na Sa\u00fade, Educa\u00e7\u00e3o e Habita\u00e7\u00e3o.<br><br>A prefeita Dalete Oliveira participou do encontro e dialogou sobre os temas do dia-a-dia dos servidores, destacando a import\u00e2ncia do trabalho em prol daqueles que precisam. \u201cEu sei que \u00e9 preciso ter amor para se manter nesta profiss\u00e3o, acima de tudo, enxergar o lado do outro, conhecer a hist\u00f3ria de cada um e encontrar solu\u00e7\u00f5es\u201d. Dalete tamb\u00e9m falou das parcerias com as empresas do munic\u00edpio e qualifica\u00e7\u00e3o dos moradores atrav\u00e9s dos cursos da Diretoria de Trabalho, que foram ampliados, objetivando o aumento de cajamarenses empregados e independentes.<br><br>De extrema import\u00e2ncia em todos os \u00e2mbitos p\u00fablicos, o assistente social precisa estar preparado para atuar no atendimento e na garantia de direitos de pessoas ou fam\u00edlias que est\u00e3o, mesmo que temporariamente, em situa\u00e7\u00f5es de risco e vulnerabilidade social e pessoal. <br><br>O diretor de Desenvolvimento Social, Niedson Filho, agradeceu a oportunidade e apoio recebido pela administra\u00e7\u00e3o. \u201cEste \u00e9 um momento especial, uma homenagem a profissionais t\u00e3o corajosos e que merecem respeito, que mesmo num pa\u00eds t\u00e3o desigual, estudam e aplicam as pol\u00edticas p\u00fablicas da melhor maneira poss\u00edvel\u201d.<br>\n\n<!-- galeria:4959 -->","protected":false},"excerpt":{"rendered":"<p>Profissionais receberam homenagem com caf\u00e9-da-manh\u00e3<\/p>\n","protected":false},"author":5,"featured_media":0,"comment_status":"open","ping_status":"open","sticky":false,"template":"","format":"standard","meta":{"footnotes":""},"categories":[4],"tags":[],"posicao":[],"class_list":["post-12179","post","type-post","status-publish","format-standard","hentry","category-social"],"_links":{"self":[{"href":"https:\/\/cajamar.sp.gov.br\/noticias\/wp-json\/wp\/v2\/posts\/12179","targetHints":{"allow":["GET"]}}],"collection":[{"href":"https:\/\/cajamar.sp.gov.br\/noticias\/wp-json\/wp\/v2\/posts"}],"about":[{"href":"https:\/\/cajamar.sp.gov.br\/noticias\/wp-json\/wp\/v2\/types\/post"}],"author":[{"embeddable":true,"href":"https:\/\/cajamar.sp.gov.br\/noticias\/wp-json\/wp\/v2\/users\/5"}],"replies":[{"embeddable":true,"href":"https:\/\/cajamar.sp.gov.br\/noticias\/wp-json\/wp\/v2\/comments?post=12179"}],"version-history":[{"count":0,"href":"https:\/\/cajamar.sp.gov.br\/noticias\/wp-json\/wp\/v2\/posts\/12179\/revisions"}],"wp:attachment":[{"href":"https:\/\/cajamar.sp.gov.br\/noticias\/wp-json\/wp\/v2\/media?parent=12179"}],"wp:term":[{"taxonomy":"category","embeddable":true,"href":"https:\/\/cajamar.sp.gov.br\/noticias\/wp-json\/wp\/v2\/categories?post=12179"},{"taxonomy":"post_tag","embeddable":true,"href":"https:\/\/cajamar.sp.gov.br\/noticias\/wp-json\/wp\/v2\/tags?post=12179"},{"taxonomy":"posicao","embeddable":true,"href":"https:\/\/cajamar.sp.gov.br\/noticias\/wp-json\/wp\/v2\/posicao?post=12179"}],"curies":[{"name":"wp","href":"https:\/\/api.w.org\/{rel}","templated":true}]}}