{"id":12195,"date":"2018-05-21T15:15:10","date_gmt":"2018-05-21T18:15:10","guid":{"rendered":"http:\/\/wphomologa.cijun.sp.gov.br\/STIMPREN\/?p=12195"},"modified":"2018-05-21T15:15:10","modified_gmt":"2018-05-21T18:15:10","slug":"inspecao-de-taxis-acontece-nesta-terca-e-quarta-feira","status":"publish","type":"post","link":"https:\/\/cajamar.sp.gov.br\/noticias\/2018\/05\/21\/inspecao-de-taxis-acontece-nesta-terca-e-quarta-feira\/","title":{"rendered":"Inspe\u00e7\u00e3o de t\u00e1xis acontece nesta ter\u00e7a e quarta-feira"},"content":{"rendered":"<!-- id:4975 -->\n\n<div class=\"wp-block-image\">\n<figure class=\"aligncenter\">\n<img decoding=\"async\" src=\"https:\/\/cajamar.sp.gov.br\/wp-content\/uploads\/arquivo\/img4975a.jpg\" \/>\n\n<\/figure>\n<\/div>\n\n\nSer\u00e1 realizado nos dias 22 e 23 deste m\u00eas, no Centro de Eventos Boi\u00f3dromo, a verifica\u00e7\u00e3o metrol\u00f3gica de tax\u00edmetros, realizada pelo Instituto de Pesos e Medidas do Estado de S\u00e3o Paulo (IPEM- SP), vistoria que atrav\u00e9s de ensaios, marca\u00e7\u00e3o ou selagem, emite o certificado de exame metrol\u00f3gico, documento que comprova se cobran\u00e7a realizada pelo equipamento dos taxistas est\u00e1 realmente correta.<br><br>Para a garantir a verifica\u00e7\u00e3o metrol\u00f3gica dos tax\u00edmetros, os profissionais devem ter efetuado o agendamento eletr\u00f4nico no site do IPEM-SP (www.ipem.sp.gov.br), assim como o pagamento da taxa metrol\u00f3gica a que se refere o artigo 11 da Lei 9.933\/99, atrav\u00e9s da Guia de Recolhimento da Uni\u00e3o &#8211; GRU, junto ao Banco do Brasil. <br><br><br>Os taxistas que ter\u00e3o seus carros verificados, dever\u00e3o apresentar no ato da verifica\u00e7\u00e3o metrol\u00f3gica, os seguintes documentos:<br>a) Alvar\u00e1 de estacionamento fornecido pela Prefeitura dentro do prazo de validade;<br><br>b) Certificado de Registro e Licenciamento de Ve\u00edculo (categoria aluguel); <br><br>c) Certificado de verifica\u00e7\u00e3o do Ipem-SP, referente ao exerc\u00edcio de 2017;<br><br>d) Guia de Recolhimento da Uni\u00e3o &#8211; GRU quitada. A inobserv\u00e2ncia do cumprimento das exig\u00eancias impostas pelo IPEM-SP, atrav\u00e9s da PORTARIA IPEM-SP N.\u00ba 201\/2017 configurar\u00e1 infra\u00e7\u00e3o e implicar\u00e1 em sans\u00f5es, previstas na legisla\u00e7\u00e3o pertinente. <br><br><br>Para mais informa\u00e7\u00f5es, entre em contato com a Diretoria Municipal de Tr\u00e2nsito e Transportes pelo telefone 4408-5212.<br>\n\n<!-- galeria:4975 -->","protected":false},"excerpt":{"rendered":"<p>Verifica\u00e7\u00e3o dos tax\u00edmetros realizada pelo IPEM, ser\u00e1 no Boi\u00f3dromo<\/p>\n","protected":false},"author":5,"featured_media":0,"comment_status":"open","ping_status":"open","sticky":false,"template":"","format":"standard","meta":{"footnotes":""},"categories":[19],"tags":[],"posicao":[],"class_list":["post-12195","post","type-post","status-publish","format-standard","hentry","category-mobilidade"],"_links":{"self":[{"href":"https:\/\/cajamar.sp.gov.br\/noticias\/wp-json\/wp\/v2\/posts\/12195","targetHints":{"allow":["GET"]}}],"collection":[{"href":"https:\/\/cajamar.sp.gov.br\/noticias\/wp-json\/wp\/v2\/posts"}],"about":[{"href":"https:\/\/cajamar.sp.gov.br\/noticias\/wp-json\/wp\/v2\/types\/post"}],"author":[{"embeddable":true,"href":"https:\/\/cajamar.sp.gov.br\/noticias\/wp-json\/wp\/v2\/users\/5"}],"replies":[{"embeddable":true,"href":"https:\/\/cajamar.sp.gov.br\/noticias\/wp-json\/wp\/v2\/comments?post=12195"}],"version-history":[{"count":0,"href":"https:\/\/cajamar.sp.gov.br\/noticias\/wp-json\/wp\/v2\/posts\/12195\/revisions"}],"wp:attachment":[{"href":"https:\/\/cajamar.sp.gov.br\/noticias\/wp-json\/wp\/v2\/media?parent=12195"}],"wp:term":[{"taxonomy":"category","embeddable":true,"href":"https:\/\/cajamar.sp.gov.br\/noticias\/wp-json\/wp\/v2\/categories?post=12195"},{"taxonomy":"post_tag","embeddable":true,"href":"https:\/\/cajamar.sp.gov.br\/noticias\/wp-json\/wp\/v2\/tags?post=12195"},{"taxonomy":"posicao","embeddable":true,"href":"https:\/\/cajamar.sp.gov.br\/noticias\/wp-json\/wp\/v2\/posicao?post=12195"}],"curies":[{"name":"wp","href":"https:\/\/api.w.org\/{rel}","templated":true}]}}