{"id":12217,"date":"2018-05-29T11:16:33","date_gmt":"2018-05-29T14:16:33","guid":{"rendered":"http:\/\/wphomologa.cijun.sp.gov.br\/STIMPREN\/?p=12217"},"modified":"2018-05-29T11:16:33","modified_gmt":"2018-05-29T14:16:33","slug":"cajamar-decreta-situacao-de-emergencia","status":"publish","type":"post","link":"https:\/\/cajamar.sp.gov.br\/noticias\/2018\/05\/29\/cajamar-decreta-situacao-de-emergencia\/","title":{"rendered":"Cajamar decreta situa\u00e7\u00e3o de emerg\u00eancia"},"content":{"rendered":"<p><!-- id:4999 --><\/p>\n<p>Em virtude da falta de combust\u00edveis nos postos e os reflexos provocados pela greve dos caminhoneiros, Cajamar declarou Situa\u00e7\u00e3o de Emerg\u00eancia, no final da tarde de segunda-feira (28).<\/p>\n<p>Praticamente, todos os munic\u00edpios de Estado e regi\u00f5es do Pa\u00eds sentem os efeitos do desabastecimento de bens, produtos e g\u00eaneros de primeira necessidade. <\/p>\n<p>Para enfrentar a situa\u00e7\u00e3o, uma equipe da Prefeitura realiza a\u00e7\u00f5es de monitoramento e intensificou os trabalhos para garantir o funcionamento dos servi\u00e7os p\u00fablicos essenciais. <\/p>\n<p>O Hospital Municipal, UPA 24h (Unidade de Pronto Atendimento) e unidades de sa\u00fade, central de ambul\u00e2ncias e transportes de pacientes do SUS funcionam normalmente, assim como todas as diretorias e \u00f3rg\u00e3os municipais cumprem expediente nesta ter\u00e7a-feira.<\/p>\n<p>As a\u00e7\u00f5es de limpeza urbana e coleta de lixo domiciliar s\u00e3o realizadas normalmente. <\/p>\n<p>As linhas de \u00f4nibus municipais e intermunicipais circulam com 70% da frota, enquanto a de Jundia\u00ed est\u00e1 reduzida em 50%. <\/p>\n<p>Por medida preventiva de seguran\u00e7a, as aulas nas escolas municipais permanecem suspensas at\u00e9 quarta-feira (30).<\/p>\n<p><a href=\"https:\/\/www.cajamar.sp.gov.br\/v2\/arquivos\/basedeleis\/Decreto%205835-18.pdf\">Clique aqui e confira na integra o decreto 5835<\/a><\/p>\n<p><!-- galeria:4999 --><\/p>\n","protected":false},"excerpt":{"rendered":"<p>Cidade adota medidas em fun\u00e7\u00e3o dos reflexos provocados pela greve nacional dos caminhoneiros<\/p>\n","protected":false},"author":5,"featured_media":0,"comment_status":"open","ping_status":"open","sticky":false,"template":"","format":"standard","meta":{"footnotes":""},"categories":[1],"tags":[],"posicao":[],"class_list":["post-12217","post","type-post","status-publish","format-standard","hentry","category-noticias"],"_links":{"self":[{"href":"https:\/\/cajamar.sp.gov.br\/noticias\/wp-json\/wp\/v2\/posts\/12217","targetHints":{"allow":["GET"]}}],"collection":[{"href":"https:\/\/cajamar.sp.gov.br\/noticias\/wp-json\/wp\/v2\/posts"}],"about":[{"href":"https:\/\/cajamar.sp.gov.br\/noticias\/wp-json\/wp\/v2\/types\/post"}],"author":[{"embeddable":true,"href":"https:\/\/cajamar.sp.gov.br\/noticias\/wp-json\/wp\/v2\/users\/5"}],"replies":[{"embeddable":true,"href":"https:\/\/cajamar.sp.gov.br\/noticias\/wp-json\/wp\/v2\/comments?post=12217"}],"version-history":[{"count":0,"href":"https:\/\/cajamar.sp.gov.br\/noticias\/wp-json\/wp\/v2\/posts\/12217\/revisions"}],"wp:attachment":[{"href":"https:\/\/cajamar.sp.gov.br\/noticias\/wp-json\/wp\/v2\/media?parent=12217"}],"wp:term":[{"taxonomy":"category","embeddable":true,"href":"https:\/\/cajamar.sp.gov.br\/noticias\/wp-json\/wp\/v2\/categories?post=12217"},{"taxonomy":"post_tag","embeddable":true,"href":"https:\/\/cajamar.sp.gov.br\/noticias\/wp-json\/wp\/v2\/tags?post=12217"},{"taxonomy":"posicao","embeddable":true,"href":"https:\/\/cajamar.sp.gov.br\/noticias\/wp-json\/wp\/v2\/posicao?post=12217"}],"curies":[{"name":"wp","href":"https:\/\/api.w.org\/{rel}","templated":true}]}}