{"id":12226,"date":"2018-05-30T18:01:44","date_gmt":"2018-05-30T21:01:44","guid":{"rendered":"http:\/\/wphomologa.cijun.sp.gov.br\/STIMPREN\/?p=12226"},"modified":"2018-05-30T18:01:44","modified_gmt":"2018-05-30T21:01:44","slug":"interdicao-parcial-da-av-bento-da-silva-bueno-a-partir-de-amanha","status":"publish","type":"post","link":"https:\/\/cajamar.sp.gov.br\/noticias\/2018\/05\/30\/interdicao-parcial-da-av-bento-da-silva-bueno-a-partir-de-amanha\/","title":{"rendered":"Interdi\u00e7\u00e3o parcial da Av. Bento da Silva Bueno a partir de amanh\u00e3"},"content":{"rendered":"<!-- id:5010 -->\n\n<div class=\"wp-block-image\">\n<figure class=\"aligncenter\">\n<img decoding=\"async\" src=\"https:\/\/cajamar.sp.gov.br\/wp-content\/uploads\/arquivo\/img5010a.jpg\" \/>\n\n<\/figure>\n<\/div>\n\n\nA Diretoria Municipal de Tr\u00e2nsito e Transportes informa que a partir desta quinta-feira (31) haver\u00e1 interdi\u00e7\u00e3o parcial da Avenida Bento da Silva Bueno, no trecho  Avenida Ant\u00f4nio Carlos Paiva Camelo at\u00e9 a  rotat\u00f3rio do Trevo da Margarida, na Avenida Tenente Marques, das 10 h \u00e0s 18 h, devido a  obras emergenciais da AES Eletropaulo.<br><br>A equipe de Tr\u00e2nsito alerta, ainda, que todo o per\u00edmetro ficar\u00e1 impossibilitado \u00e0 circula\u00e7\u00e3o de ve\u00edculos, caminh\u00f5es e \u00f4nibus, sugerindo como alternativa para descolamento dos usu\u00e1rios da via o seguinte percurso: <br><br>Rua Charqueada \/ Rua Carapicu\u00edba \/ Av Ant\u00f4nio Carlos Paiva Camelo \/ Av dos Juritis \/ Av Tenente Marques.<br><br>Todas as linhas de transporte p\u00fablico sofrer\u00e3o altera\u00e7\u00f5es no percurso,n\u00e3o atendendo no sentido de circula\u00e7\u00e3o bairros\/centro (Jd. Muriano e Colinas), Av. Bento da Silva Bueno, estando liberado o sentido oposto centro\/bairro e Hospital Municipal.\n\n<!-- galeria:5010 -->","protected":false},"excerpt":{"rendered":"<p>Obras emergenciais da Eletropaulo ser\u00e3o realizadas de quinta, 31\/05, at\u00e9 s\u00e1bado, dia 02\/06, das 10h \u00e0s 18h<\/p>\n","protected":false},"author":5,"featured_media":0,"comment_status":"open","ping_status":"open","sticky":false,"template":"","format":"standard","meta":{"footnotes":""},"categories":[19],"tags":[],"posicao":[],"class_list":["post-12226","post","type-post","status-publish","format-standard","hentry","category-mobilidade"],"_links":{"self":[{"href":"https:\/\/cajamar.sp.gov.br\/noticias\/wp-json\/wp\/v2\/posts\/12226","targetHints":{"allow":["GET"]}}],"collection":[{"href":"https:\/\/cajamar.sp.gov.br\/noticias\/wp-json\/wp\/v2\/posts"}],"about":[{"href":"https:\/\/cajamar.sp.gov.br\/noticias\/wp-json\/wp\/v2\/types\/post"}],"author":[{"embeddable":true,"href":"https:\/\/cajamar.sp.gov.br\/noticias\/wp-json\/wp\/v2\/users\/5"}],"replies":[{"embeddable":true,"href":"https:\/\/cajamar.sp.gov.br\/noticias\/wp-json\/wp\/v2\/comments?post=12226"}],"version-history":[{"count":0,"href":"https:\/\/cajamar.sp.gov.br\/noticias\/wp-json\/wp\/v2\/posts\/12226\/revisions"}],"wp:attachment":[{"href":"https:\/\/cajamar.sp.gov.br\/noticias\/wp-json\/wp\/v2\/media?parent=12226"}],"wp:term":[{"taxonomy":"category","embeddable":true,"href":"https:\/\/cajamar.sp.gov.br\/noticias\/wp-json\/wp\/v2\/categories?post=12226"},{"taxonomy":"post_tag","embeddable":true,"href":"https:\/\/cajamar.sp.gov.br\/noticias\/wp-json\/wp\/v2\/tags?post=12226"},{"taxonomy":"posicao","embeddable":true,"href":"https:\/\/cajamar.sp.gov.br\/noticias\/wp-json\/wp\/v2\/posicao?post=12226"}],"curies":[{"name":"wp","href":"https:\/\/api.w.org\/{rel}","templated":true}]}}