{"id":12248,"date":"2018-06-11T16:20:24","date_gmt":"2018-06-11T19:20:24","guid":{"rendered":"http:\/\/wphomologa.cijun.sp.gov.br\/STIMPREN\/?p=12248"},"modified":"2018-06-11T16:20:24","modified_gmt":"2018-06-11T19:20:24","slug":"feira-de-adocao-de-animais-encerra-semana-do-meio-ambiente","status":"publish","type":"post","link":"https:\/\/cajamar.sp.gov.br\/noticias\/2018\/06\/11\/feira-de-adocao-de-animais-encerra-semana-do-meio-ambiente\/","title":{"rendered":"Feira de ado\u00e7\u00e3o de animais encerra Semana do Meio Ambiente"},"content":{"rendered":"<!-- id:5032 -->\n\n<div class=\"wp-block-image\">\n<figure class=\"aligncenter\">\n<img decoding=\"async\" src=\"https:\/\/cajamar.sp.gov.br\/wp-content\/uploads\/arquivo\/img5032a.jpg\" \/>\n<figcaption>O morador que tem a inten\u00e7\u00e3o de adotar animais deve entrar em contato com a Diretoria de Meio Ambiente <\/figcaption>\n<\/figure>\n<\/div>\n\n\nO encerramento da 16\u00aa Semana do Meio Ambiente aconteceu no \u00faltimo s\u00e1bado (9), na Pra\u00e7a Ana Ar\u00f3 em Jordan\u00e9sia. A equipe da Diretoria de Meio Ambiente e o \u00f4nibus ambiental estiveram durante toda manh\u00e3 realizando a distribui\u00e7\u00e3o de mudas de \u00e1rvores, al\u00e9m do manual da arboriza\u00e7\u00e3o urbana, com dicas de como plantar e como podar as \u00e1rvores e import\u00e2ncia delas para a qualidade de vida das pessoas.<br><br>Os moradores tamb\u00e9m puderam levar para casa diferente sementes, entre elas: alface, tomate cereja, almeir\u00e3o, salsa, r\u00facula e pimenta biquinha, para produzir em casa e cuidar da sua pr\u00f3pria horta.<br><br>A equipe de Bem-Estar-Animal em parceria com a Associa\u00e7\u00e3o Amora de Prote\u00e7\u00e3o Animal organizou a feira de ado\u00e7\u00e3o de c\u00e3es e gatos, chamando a aten\u00e7\u00e3o de mais de cem pessoas, que passaram pelo local e se encantaram com a\u00e7\u00e3o. <br><br>Moradora do Jardim Maria Lu\u00edza, Aline Aparecida Coelho Leal, adotou o cachorro Marley, no ano passado. \u201cAs feiras de ado\u00e7\u00e3o s\u00e3o important\u00edssimas, \u00e9 mais facilidade para as pessoas, n\u00e3o tem desculpa para adotar\u201d afirmou.<br><br>Na sexta-feira (8), o \u00f4nibus ambiental esteve na Pra\u00e7a da B\u00edblia no Polvilho, realizando a distribui\u00e7\u00e3o de mudas de \u00e1rvores. J\u00e1 na quinta-feira (7), os alunos do SESI, participaram do plantio de \u00e1rvores e tamb\u00e9m da oficina de ecobrinquedos, que ensina a reutilizar materiais na confec\u00e7\u00e3o de brinquedos e lembran\u00e7as especiais.<br><br>O morador que tem a inten\u00e7\u00e3o de doar animais, deve entrar em contato com a Diretoria de Meio Ambiente e verificar quando ser\u00e1 a pr\u00f3xima oportunidade para levar seu animal na feira de ado\u00e7\u00e3o;<br>A equipe de Bem-Estar-Animal, conversaram com a popula\u00e7\u00e3o sobre a responsabilidade pelo animal de estima\u00e7\u00e3o, o quanto \u00e9 importante n\u00e3o abonar animais nas ruas<br><br>A popula\u00e7\u00e3o recebeu mudar de especais arb\u00f3reas, e sementes para produzir e cuidar da sua pr\u00f3pria horta.\n\n<!-- galeria:5032 -->\n\n<ul class=\"wp-block-gallery columns-2 is-cropped wp-block-gallery-1 is-layout-flex wp-block-gallery-is-layout-flex\">\n\n<li class=\"blocks-gallery-item\">\n\n<figure>\n\n<img decoding=\"async\" src=\"https:\/\/cajamar.sp.gov.br\/wp-content\/uploads\/arquivo\/img5032b.jpg\" \/>\n\n<figcaption>A equipe do setor de Bem-Estar-Animal conversou com a popula\u00e7\u00e3o sobre a responsabilidade com os bichinhos de estima\u00e7\u00e3o<\/figcaption>\n\n<\/figure>\n\n<\/li>\n\n\n\n<li class=\"blocks-gallery-item\">\n\n<figure>\n\n<img decoding=\"async\" src=\"https:\/\/cajamar.sp.gov.br\/wp-content\/uploads\/arquivo\/img5032c.jpg\" \/>\n\n<figcaption>A popula\u00e7\u00e3o recebeu mudar de \u00e1rvores e sementes para produzir e cuidar da sua pr\u00f3pria horta<\/figcaption>\n\n<\/figure>\n\n<\/li>\n\n\n\n<\/ul>\n\n\n","protected":false},"excerpt":{"rendered":"<p>Com o tema \u201cPensar no futuro \u00e9 agir agora\u201d mais de 350 pessoas participaram das atividades do evento<\/p>\n","protected":false},"author":5,"featured_media":0,"comment_status":"open","ping_status":"open","sticky":false,"template":"","format":"standard","meta":{"footnotes":""},"categories":[10],"tags":[],"posicao":[],"class_list":["post-12248","post","type-post","status-publish","format-standard","hentry","category-meio-ambiente"],"_links":{"self":[{"href":"https:\/\/cajamar.sp.gov.br\/noticias\/wp-json\/wp\/v2\/posts\/12248","targetHints":{"allow":["GET"]}}],"collection":[{"href":"https:\/\/cajamar.sp.gov.br\/noticias\/wp-json\/wp\/v2\/posts"}],"about":[{"href":"https:\/\/cajamar.sp.gov.br\/noticias\/wp-json\/wp\/v2\/types\/post"}],"author":[{"embeddable":true,"href":"https:\/\/cajamar.sp.gov.br\/noticias\/wp-json\/wp\/v2\/users\/5"}],"replies":[{"embeddable":true,"href":"https:\/\/cajamar.sp.gov.br\/noticias\/wp-json\/wp\/v2\/comments?post=12248"}],"version-history":[{"count":0,"href":"https:\/\/cajamar.sp.gov.br\/noticias\/wp-json\/wp\/v2\/posts\/12248\/revisions"}],"wp:attachment":[{"href":"https:\/\/cajamar.sp.gov.br\/noticias\/wp-json\/wp\/v2\/media?parent=12248"}],"wp:term":[{"taxonomy":"category","embeddable":true,"href":"https:\/\/cajamar.sp.gov.br\/noticias\/wp-json\/wp\/v2\/categories?post=12248"},{"taxonomy":"post_tag","embeddable":true,"href":"https:\/\/cajamar.sp.gov.br\/noticias\/wp-json\/wp\/v2\/tags?post=12248"},{"taxonomy":"posicao","embeddable":true,"href":"https:\/\/cajamar.sp.gov.br\/noticias\/wp-json\/wp\/v2\/posicao?post=12248"}],"curies":[{"name":"wp","href":"https:\/\/api.w.org\/{rel}","templated":true}]}}