{"id":12256,"date":"2018-06-14T15:05:55","date_gmt":"2018-06-14T18:05:55","guid":{"rendered":"http:\/\/wphomologa.cijun.sp.gov.br\/STIMPREN\/?p=12256"},"modified":"2018-06-14T15:05:55","modified_gmt":"2018-06-14T18:05:55","slug":"prefeita-assina-contrato-com-a-caixa-para-obras-de-pavimentacao","status":"publish","type":"post","link":"https:\/\/cajamar.sp.gov.br\/noticias\/2018\/06\/14\/prefeita-assina-contrato-com-a-caixa-para-obras-de-pavimentacao\/","title":{"rendered":"Prefeita assina contrato com a Caixa para obras de pavimenta\u00e7\u00e3o"},"content":{"rendered":"<!-- id:5040 -->\n\n<div class=\"wp-block-image\">\n<figure class=\"aligncenter\">\n<img decoding=\"async\" src=\"https:\/\/cajamar.sp.gov.br\/wp-content\/uploads\/arquivo\/img5040a.jpg\" \/>\n<figcaption>Prefeita Dalete e representantes da Caixa Econ\u00f4mica Federal<\/figcaption>\n<\/figure>\n<\/div>\n\n\nA prefeita Dalete Oliveira assinou na ter\u00e7a-feira (12) contrato com a Caixa, referente ao conv\u00eanio aprovado pelo Governo Federal para realiza\u00e7\u00e3o de obras de pavimenta\u00e7\u00e3o e infraestrutura no valor de R$ 222.857,14. <br><br>Estiveram no gabinete da prefeita, os representantes da Superintend\u00eancia da Caixa em Jundia\u00ed, F\u00e1bio Velloso, Cl\u00e1udia Oliveira e o gerente geral da ag\u00eancia de Jordan\u00e9sia, Leonardo Barbosa, al\u00e9m do chefe do Departamento de Conv\u00eanios do munic\u00edpio, Luiz Carlos Pires de Campos.<br><br>A verba para pavimenta\u00e7\u00e3o e infraestrutura de vias p\u00fablicas foi solicitada pelo vereador Irm\u00e3o Feliciano ao deputado federal Arnaldo Faria de S\u00e1, que enviou a proposta de emenda parlamentar ao Minist\u00e9rio das Cidades.<br><br>A Prefeitura de Cajamar j\u00e1 est\u00e1 elaborando o projeto para a recupera\u00e7\u00e3o de vias p\u00fablicas e nos pr\u00f3ximos dias tamb\u00e9m dever\u00e1 iniciar o processo de licita\u00e7\u00e3o para contrata\u00e7\u00e3o da empresa especializada em pavimenta\u00e7\u00e3o asf\u00e1ltica. <br><br>\u201cS\u00e3o de parcerias como esta que o munic\u00edpio precisa: se o Executivo e o Legislativo trabalharem em sintonia e com uni\u00e3o, quem ganha no final \u00e9 a popula\u00e7\u00e3o. J\u00e1 solicitei \u00e0 Diretoria de Obras a conclus\u00e3o do projeto de pavimenta\u00e7\u00e3o das vias indicadas, para que possamos iniciar as obras. Agradecemos ao deputado Arnaldo Faria de S\u00e1 e a todos que est\u00e3o nos ajudando a fazer o melhor para Cajamar\u201d, disse a prefeita Dalete.\n\n<!-- galeria:5040 -->","protected":false},"excerpt":{"rendered":"<p>Repasse de R$ 222.857,14 foi aprovado pelo Minist\u00e9rio das Cidades via emenda parlamentar<\/p>\n","protected":false},"author":5,"featured_media":0,"comment_status":"open","ping_status":"open","sticky":false,"template":"","format":"standard","meta":{"footnotes":""},"categories":[15],"tags":[],"posicao":[],"class_list":["post-12256","post","type-post","status-publish","format-standard","hentry","category-infraestrutura"],"_links":{"self":[{"href":"https:\/\/cajamar.sp.gov.br\/noticias\/wp-json\/wp\/v2\/posts\/12256","targetHints":{"allow":["GET"]}}],"collection":[{"href":"https:\/\/cajamar.sp.gov.br\/noticias\/wp-json\/wp\/v2\/posts"}],"about":[{"href":"https:\/\/cajamar.sp.gov.br\/noticias\/wp-json\/wp\/v2\/types\/post"}],"author":[{"embeddable":true,"href":"https:\/\/cajamar.sp.gov.br\/noticias\/wp-json\/wp\/v2\/users\/5"}],"replies":[{"embeddable":true,"href":"https:\/\/cajamar.sp.gov.br\/noticias\/wp-json\/wp\/v2\/comments?post=12256"}],"version-history":[{"count":0,"href":"https:\/\/cajamar.sp.gov.br\/noticias\/wp-json\/wp\/v2\/posts\/12256\/revisions"}],"wp:attachment":[{"href":"https:\/\/cajamar.sp.gov.br\/noticias\/wp-json\/wp\/v2\/media?parent=12256"}],"wp:term":[{"taxonomy":"category","embeddable":true,"href":"https:\/\/cajamar.sp.gov.br\/noticias\/wp-json\/wp\/v2\/categories?post=12256"},{"taxonomy":"post_tag","embeddable":true,"href":"https:\/\/cajamar.sp.gov.br\/noticias\/wp-json\/wp\/v2\/tags?post=12256"},{"taxonomy":"posicao","embeddable":true,"href":"https:\/\/cajamar.sp.gov.br\/noticias\/wp-json\/wp\/v2\/posicao?post=12256"}],"curies":[{"name":"wp","href":"https:\/\/api.w.org\/{rel}","templated":true}]}}