{"id":12266,"date":"2018-06-19T14:54:39","date_gmt":"2018-06-19T17:54:39","guid":{"rendered":"http:\/\/wphomologa.cijun.sp.gov.br\/STIMPREN\/?p=12266"},"modified":"2018-06-19T14:54:39","modified_gmt":"2018-06-19T17:54:39","slug":"educacao-de-jovens-e-adultos-esta-com-inscricoes-abertas","status":"publish","type":"post","link":"https:\/\/cajamar.sp.gov.br\/noticias\/2018\/06\/19\/educacao-de-jovens-e-adultos-esta-com-inscricoes-abertas\/","title":{"rendered":"Educa\u00e7\u00e3o de Jovens e Adultos est\u00e1 com inscri\u00e7\u00f5es abertas"},"content":{"rendered":"<!-- id:5050 -->\n\n<div class=\"wp-block-image\">\n<figure class=\"aligncenter\">\n<img decoding=\"async\" src=\"https:\/\/cajamar.sp.gov.br\/wp-content\/uploads\/arquivo\/img5050a.jpg\" \/>\n<figcaption>Interessados devem fazer inscri\u00e7\u00e3o nas escolas que oferecem a EJA<\/figcaption>\n<\/figure>\n<\/div>\n\n\nEst\u00e3o abertas as inscri\u00e7\u00f5es para os cursos da EJA (Educa\u00e7\u00e3o de Jovens e Adultos). As aulas do 1\u00ba ao 9\u00ba ano do Ensino Fundamental acontecer\u00e3o no per\u00edodo noturno nas EMEBs Fernando Pupo Massagardi (Cajamar-Centro), Ant\u00f4nio Pinto de Campos (Jordan\u00e9sia) e Professor Ronaldo Peres Geraldi, antiga EMEB Jardim S\u00e3o Luiz (Polvilho). <br><br>Podem se inscrever alunos a partir de 16 anos. Basta comparecer a uma das escolas, apresentar documento de identidade, comprovante de endere\u00e7o e declara\u00e7\u00e3o escolar.  <br><br>J\u00e1 as pessoas acima de 18 anos que desejam concluir o Ensino M\u00e9dio devem se matricular na EJA das escolas estaduais Ana Maria Garrido (Parque Para\u00edso), Suzana Dias (Cajamar-Centro) e Walter Ribas (Jordan\u00e9sia).<br><br>EMEB Fernando Pupo Massagardi<br>Rua Pedro Domingues, s\/n &#8211; Cajamar-Centro<br>Telefone 4447-6188 <br><br>EMEB Antonio Pinto de Campos<br>Rua Ana Balduino de Abreu, 196 -Jordan\u00e9sia<br>Telefone 4447 4419 \/4447 1198<br><br>EMEB Professor Ronaldo Peres Geraldi<br>Rua Belmiro de Campos Cortez, 99 &#8211; Polvilho<br>Telefone 4408 5454 \/ 4448 2390<br><br>E.E. Prof. Walter Ribas de Andrade<br>Av. Vereador Joaquim Pereira Barbosa, 500 \u2013 Jordan\u00e9sia<br>4407 1585<br><br>E.E. Suzana Dias<br>Av. Prof. Walter Ribas de Andrade, n.\u00ba 169 \u2013 Centro<br>4446 6066<br><br>E.E. Prof.\u00aa Ana Maria Garrido Orlandin<br>Av. Bento da Silva Bueno, n\u00ba 51 \u2013 Polvilho<br>4448 1334\n\n<!-- galeria:5050 -->","protected":false},"excerpt":{"rendered":"<p>Oportunidade para as pessoas que desejam concluir os estudos<\/p>\n","protected":false},"author":5,"featured_media":0,"comment_status":"open","ping_status":"open","sticky":false,"template":"","format":"standard","meta":{"footnotes":""},"categories":[8],"tags":[],"posicao":[],"class_list":["post-12266","post","type-post","status-publish","format-standard","hentry","category-educacao"],"_links":{"self":[{"href":"https:\/\/cajamar.sp.gov.br\/noticias\/wp-json\/wp\/v2\/posts\/12266","targetHints":{"allow":["GET"]}}],"collection":[{"href":"https:\/\/cajamar.sp.gov.br\/noticias\/wp-json\/wp\/v2\/posts"}],"about":[{"href":"https:\/\/cajamar.sp.gov.br\/noticias\/wp-json\/wp\/v2\/types\/post"}],"author":[{"embeddable":true,"href":"https:\/\/cajamar.sp.gov.br\/noticias\/wp-json\/wp\/v2\/users\/5"}],"replies":[{"embeddable":true,"href":"https:\/\/cajamar.sp.gov.br\/noticias\/wp-json\/wp\/v2\/comments?post=12266"}],"version-history":[{"count":0,"href":"https:\/\/cajamar.sp.gov.br\/noticias\/wp-json\/wp\/v2\/posts\/12266\/revisions"}],"wp:attachment":[{"href":"https:\/\/cajamar.sp.gov.br\/noticias\/wp-json\/wp\/v2\/media?parent=12266"}],"wp:term":[{"taxonomy":"category","embeddable":true,"href":"https:\/\/cajamar.sp.gov.br\/noticias\/wp-json\/wp\/v2\/categories?post=12266"},{"taxonomy":"post_tag","embeddable":true,"href":"https:\/\/cajamar.sp.gov.br\/noticias\/wp-json\/wp\/v2\/tags?post=12266"},{"taxonomy":"posicao","embeddable":true,"href":"https:\/\/cajamar.sp.gov.br\/noticias\/wp-json\/wp\/v2\/posicao?post=12266"}],"curies":[{"name":"wp","href":"https:\/\/api.w.org\/{rel}","templated":true}]}}