{"id":12286,"date":"2018-06-28T16:55:20","date_gmt":"2018-06-28T19:55:20","guid":{"rendered":"http:\/\/wphomologa.cijun.sp.gov.br\/STIMPREN\/?p=12286"},"modified":"2018-06-28T16:55:20","modified_gmt":"2018-06-28T19:55:20","slug":"cultura-convida-populacao-para-danca-julina","status":"publish","type":"post","link":"https:\/\/cajamar.sp.gov.br\/noticias\/2018\/06\/28\/cultura-convida-populacao-para-danca-julina\/","title":{"rendered":"Cultura convida popula\u00e7\u00e3o para dan\u00e7a julina"},"content":{"rendered":"<!-- id:5070 -->\n\n<div class=\"wp-block-image\">\n<figure class=\"aligncenter\">\n<img decoding=\"async\" src=\"https:\/\/cajamar.sp.gov.br\/wp-content\/uploads\/arquivo\/img5070a.jpg\" \/>\n<figcaption>Participe do ensaio e fa\u00e7a parte do grupo de dan\u00e7a, com par ou sem par, voc\u00ea vai se divertir.<\/figcaption>\n<\/figure>\n<\/div>\n\n\nA Prefeitura de Cajamar por meio da Diretoria de Cultura convida a popula\u00e7\u00e3o para fazer parte do grupo de dan\u00e7a julina, que se apresentar\u00e1 no Arraial Social, promovido pelo Fundo Social de Solidariedade.<br><br>O ensaio \u00fanico do grupo acontecer\u00e1 na pr\u00f3xima quarta-feira (4), \u00e0s 19h, no Centro Cultura de Jordan\u00e9sia, Rua Arnaldo Rojek, n\u00b0 295. <br><br>Coordenado pelo professor de teatro Adilson Pereira, com a presen\u00e7a dos alunos das oficinais culturais, as pessoas interessadas est\u00e3o convidadas para fazer parte da dan\u00e7a t\u00edpica, para se divertir e participar dessa grande comemora\u00e7\u00e3o.<br><br>No Arraial Social, acontecer\u00e1 nos dias 06,07,08, 13, 14 e 15 de julho, com diversas barracas de alimenta\u00e7\u00e3o e comidas t\u00edpicas, como doces, bolos, caldos, past\u00e9is, lanches, espetinhos, milho cozido, bebidas, quent\u00e3o e vinho quente. A arrecada\u00e7\u00e3o ser\u00e1 revertida \u00e0s entidades participantes e campanhas do Fundo Social.<br><br>Para saber mais entre em contato pelo telefone: 4447-4019<br>\n\n<!-- galeria:5070 -->","protected":false},"excerpt":{"rendered":"<p>Ensaio do grupo ser\u00e1 na pr\u00f3xima quarta-feira (4)<\/p>\n","protected":false},"author":5,"featured_media":0,"comment_status":"open","ping_status":"open","sticky":false,"template":"","format":"standard","meta":{"footnotes":""},"categories":[12],"tags":[],"posicao":[],"class_list":["post-12286","post","type-post","status-publish","format-standard","hentry","category-cultura"],"_links":{"self":[{"href":"https:\/\/cajamar.sp.gov.br\/noticias\/wp-json\/wp\/v2\/posts\/12286","targetHints":{"allow":["GET"]}}],"collection":[{"href":"https:\/\/cajamar.sp.gov.br\/noticias\/wp-json\/wp\/v2\/posts"}],"about":[{"href":"https:\/\/cajamar.sp.gov.br\/noticias\/wp-json\/wp\/v2\/types\/post"}],"author":[{"embeddable":true,"href":"https:\/\/cajamar.sp.gov.br\/noticias\/wp-json\/wp\/v2\/users\/5"}],"replies":[{"embeddable":true,"href":"https:\/\/cajamar.sp.gov.br\/noticias\/wp-json\/wp\/v2\/comments?post=12286"}],"version-history":[{"count":0,"href":"https:\/\/cajamar.sp.gov.br\/noticias\/wp-json\/wp\/v2\/posts\/12286\/revisions"}],"wp:attachment":[{"href":"https:\/\/cajamar.sp.gov.br\/noticias\/wp-json\/wp\/v2\/media?parent=12286"}],"wp:term":[{"taxonomy":"category","embeddable":true,"href":"https:\/\/cajamar.sp.gov.br\/noticias\/wp-json\/wp\/v2\/categories?post=12286"},{"taxonomy":"post_tag","embeddable":true,"href":"https:\/\/cajamar.sp.gov.br\/noticias\/wp-json\/wp\/v2\/tags?post=12286"},{"taxonomy":"posicao","embeddable":true,"href":"https:\/\/cajamar.sp.gov.br\/noticias\/wp-json\/wp\/v2\/posicao?post=12286"}],"curies":[{"name":"wp","href":"https:\/\/api.w.org\/{rel}","templated":true}]}}