{"id":12308,"date":"2018-07-10T18:57:46","date_gmt":"2018-07-10T21:57:46","guid":{"rendered":"http:\/\/wphomologa.cijun.sp.gov.br\/STIMPREN\/?p=12308"},"modified":"2018-07-10T18:57:46","modified_gmt":"2018-07-10T21:57:46","slug":"prefeitura-realiza-cerimonia-de-formatura-da-eja","status":"publish","type":"post","link":"https:\/\/cajamar.sp.gov.br\/noticias\/2018\/07\/10\/prefeitura-realiza-cerimonia-de-formatura-da-eja\/","title":{"rendered":"Prefeitura realiza cerim\u00f4nia de formatura da EJA"},"content":{"rendered":"<!-- id:5092 -->\n\n<div class=\"wp-block-image\">\n<figure class=\"aligncenter\">\n<img decoding=\"async\" src=\"https:\/\/cajamar.sp.gov.br\/wp-content\/uploads\/arquivo\/img5092a.jpg\" \/>\n<figcaption>Formandos da EJA no  primeiro semestre de 2018<\/figcaption>\n<\/figure>\n<\/div>\n\n\nComo o objetivo de proporcionar um momento especial para os alunos, familiares e comunidade, a Prefeitura de Cajamar, por meio da Diretoria Municipal de Educa\u00e7\u00e3o, realizou no s\u00e1bado (7) a Formatura da EJA (Educa\u00e7\u00e3o de Jovens e Adultos) do primeiro semestre, reunindo os estudantes que conclu\u00edram o Ensino Fundamental (4\u00ba termo do 2\u00ba segmento, correspondente \u00e0 8\u00aa s\u00e9rie) nas EMEBs Ant\u00f4nio Pinto de Campos, Fernando Pupo Massagardi e Ronaldo Peres Geraldi. <br><br>A cerim\u00f4nia aconteceu no audit\u00f3rio da C\u00e2mara Municipal de Cajamar e contou com as presen\u00e7as da prefeita Dalete Oliveira, do diretor de Educa\u00e7\u00e3o, Adilson Pereira, da coordenadora da EJA, Marli Tavares, al\u00e9m das diretoras e dos professores das escolas.<br> <br>A prefeita Dalete parabenizou a todos pela dedica\u00e7\u00e3o. \u201c\u00c9 uma alegria participar desse evento e saber que voc\u00eas n\u00e3o desistiram. Nunca \u00e9 tarde para aprender, que voc\u00eas continuem conquistando o melhor sempre e que Deus aben\u00e7oe a cada um\u201d, disse.<br><br>O formando Jos\u00e9 Rodrigues de Moraes Irm\u00e3o, morador do Cimiga, estava emocionado com a formatura e satisfeito por concluir os estudos. \u201cEstou muito feliz, eu me desenvolvi muito e aprendi bastante. Acredito que agora as coisas v\u00e3o melhorar para mim\u201d, disse.   <br><br><br>Matr\u00edculas abertas para o 2\u00ba semestre<br><br>A Diretoria Municipal de Educa\u00e7\u00e3o informa que continuam abertas as inscri\u00e7\u00f5es para novos alunos da EJA.  Podem se inscrever moradores a partir de 16 anos.<br><br>Informa\u00e7\u00f5es:<br>EMEB Fernando Pupo Massagardi<br>Rua Pedro Domingues, s\/n &#8211; Cajamar-Centro<br>Telefone 4447-6188<br> <br>EMEB Antonio Pinto de Campos<br>Rua Ana Baldu\u00edno de Abreu, 196 \u2013Jordan\u00e9sia<br>Telefone 4447 4419 \/4447 1198<br><br>EMEB Professor Ronaldo Peres Geraldi<br>Rua Belmiro de Campos Cortez, 99 \u2013 Polvilho<br>Telefone 4408 5454 \/ 4448 2390 <br><br><br>\n\n<!-- galeria:5092 -->\n\n<ul class=\"wp-block-gallery columns-2 is-cropped wp-block-gallery-1 is-layout-flex wp-block-gallery-is-layout-flex\">\n\n<li class=\"blocks-gallery-item\">\n\n<figure>\n\n<img decoding=\"async\" src=\"https:\/\/cajamar.sp.gov.br\/wp-content\/uploads\/arquivo\/img5092b.jpg\" \/>\n\n<figcaption>Prefeita Dalete prestigiou a formatura ao lado do diretor de Educa\u00e7\u00e3o, Adilson Pereira, de diretoras  e professores  das escolas<\/figcaption>\n\n<\/figure>\n\n<\/li>\n\n\n\n<\/ul>\n\n\n","protected":false},"excerpt":{"rendered":"<p>Estudantes conclu\u00edram o Ensino Fundamental em tr\u00eas escolas municipais<\/p>\n","protected":false},"author":5,"featured_media":0,"comment_status":"open","ping_status":"open","sticky":false,"template":"","format":"standard","meta":{"footnotes":""},"categories":[8],"tags":[],"posicao":[],"class_list":["post-12308","post","type-post","status-publish","format-standard","hentry","category-educacao"],"_links":{"self":[{"href":"https:\/\/cajamar.sp.gov.br\/noticias\/wp-json\/wp\/v2\/posts\/12308","targetHints":{"allow":["GET"]}}],"collection":[{"href":"https:\/\/cajamar.sp.gov.br\/noticias\/wp-json\/wp\/v2\/posts"}],"about":[{"href":"https:\/\/cajamar.sp.gov.br\/noticias\/wp-json\/wp\/v2\/types\/post"}],"author":[{"embeddable":true,"href":"https:\/\/cajamar.sp.gov.br\/noticias\/wp-json\/wp\/v2\/users\/5"}],"replies":[{"embeddable":true,"href":"https:\/\/cajamar.sp.gov.br\/noticias\/wp-json\/wp\/v2\/comments?post=12308"}],"version-history":[{"count":0,"href":"https:\/\/cajamar.sp.gov.br\/noticias\/wp-json\/wp\/v2\/posts\/12308\/revisions"}],"wp:attachment":[{"href":"https:\/\/cajamar.sp.gov.br\/noticias\/wp-json\/wp\/v2\/media?parent=12308"}],"wp:term":[{"taxonomy":"category","embeddable":true,"href":"https:\/\/cajamar.sp.gov.br\/noticias\/wp-json\/wp\/v2\/categories?post=12308"},{"taxonomy":"post_tag","embeddable":true,"href":"https:\/\/cajamar.sp.gov.br\/noticias\/wp-json\/wp\/v2\/tags?post=12308"},{"taxonomy":"posicao","embeddable":true,"href":"https:\/\/cajamar.sp.gov.br\/noticias\/wp-json\/wp\/v2\/posicao?post=12308"}],"curies":[{"name":"wp","href":"https:\/\/api.w.org\/{rel}","templated":true}]}}