{"id":12326,"date":"2018-07-18T13:14:36","date_gmt":"2018-07-18T16:14:36","guid":{"rendered":"http:\/\/wphomologa.cijun.sp.gov.br\/STIMPREN\/?p=12326"},"modified":"2018-07-18T13:14:36","modified_gmt":"2018-07-18T16:14:36","slug":"gcm-ajuda-familias-necessitadas-com-doacoes","status":"publish","type":"post","link":"https:\/\/cajamar.sp.gov.br\/noticias\/2018\/07\/18\/gcm-ajuda-familias-necessitadas-com-doacoes\/","title":{"rendered":"GCM ajuda fam\u00edlias necessitadas com doa\u00e7\u00f5es"},"content":{"rendered":"<!-- id:5111 -->\n\n<div class=\"wp-block-image\">\n<figure class=\"aligncenter\">\n<img decoding=\"async\" src=\"https:\/\/cajamar.sp.gov.br\/wp-content\/uploads\/arquivo\/img5111a.jpg\" \/>\n<figcaption>Guardas Municipais levaram as doa\u00e7\u00f5es para as fam\u00edlias<\/figcaption>\n<\/figure>\n<\/div>\n\n\nSensibilizados com as condi\u00e7\u00f5es de duas fam\u00edlias que moram em uma \u00e1rea carente do munic\u00edpio, integrantes de Guarda Civil Municipal de Cajamar se mobilizaram para ajud\u00e1-las. <br><br>As equipes foram em busca de doa\u00e7\u00f5es  e at\u00e9 utilizaram as redes sociais para pedir a contribui\u00e7\u00e3o de amigos. No \u00faltimo dia 13, os guardas levaram os alimentos e agasalhos. \u201cA alegria estampada nos rostos das fam\u00edlias e o agradecimento sincero que externaram \u00e9 a energia que nos motiva\u201d, afirmou a comandante da GCM, Esli Ferreira.<br><br>Segundo a comandante, a inten\u00e7\u00e3o \u00e9 que seja apenas o come\u00e7o de uma a\u00e7\u00e3o social e intera\u00e7\u00e3o com a sociedade em favor dos menos favorecidos.<br>\n\n<!-- galeria:5111 -->\n\n<ul class=\"wp-block-gallery columns-2 is-cropped wp-block-gallery-1 is-layout-flex wp-block-gallery-is-layout-flex\">\n\n<li class=\"blocks-gallery-item\">\n\n<figure>\n\n<img decoding=\"async\" src=\"https:\/\/cajamar.sp.gov.br\/wp-content\/uploads\/arquivo\/img5111b.jpg\" \/>\n\n<figcaption>Fam\u00edlias firam felizes com a atitude da GCM<\/figcaption>\n\n<\/figure>\n\n<\/li>\n\n\n\n<li class=\"blocks-gallery-item\">\n\n<figure>\n\n<img decoding=\"async\" src=\"https:\/\/cajamar.sp.gov.br\/wp-content\/uploads\/arquivo\/img5111c.jpg\" \/>\n\n<figcaption>Equipes se mobilizaram para arrecadar alimentos e roupas<\/figcaption>\n\n<\/figure>\n\n<\/li>\n\n\n\n<\/ul>\n\n\n","protected":false},"excerpt":{"rendered":"<p>Equipes se mobilizaram para arrecadar alimentos e agasalhos<\/p>\n","protected":false},"author":5,"featured_media":0,"comment_status":"open","ping_status":"open","sticky":false,"template":"","format":"standard","meta":{"footnotes":""},"categories":[17],"tags":[],"posicao":[],"class_list":["post-12326","post","type-post","status-publish","format-standard","hentry","category-seguranca-urbana"],"_links":{"self":[{"href":"https:\/\/cajamar.sp.gov.br\/noticias\/wp-json\/wp\/v2\/posts\/12326","targetHints":{"allow":["GET"]}}],"collection":[{"href":"https:\/\/cajamar.sp.gov.br\/noticias\/wp-json\/wp\/v2\/posts"}],"about":[{"href":"https:\/\/cajamar.sp.gov.br\/noticias\/wp-json\/wp\/v2\/types\/post"}],"author":[{"embeddable":true,"href":"https:\/\/cajamar.sp.gov.br\/noticias\/wp-json\/wp\/v2\/users\/5"}],"replies":[{"embeddable":true,"href":"https:\/\/cajamar.sp.gov.br\/noticias\/wp-json\/wp\/v2\/comments?post=12326"}],"version-history":[{"count":0,"href":"https:\/\/cajamar.sp.gov.br\/noticias\/wp-json\/wp\/v2\/posts\/12326\/revisions"}],"wp:attachment":[{"href":"https:\/\/cajamar.sp.gov.br\/noticias\/wp-json\/wp\/v2\/media?parent=12326"}],"wp:term":[{"taxonomy":"category","embeddable":true,"href":"https:\/\/cajamar.sp.gov.br\/noticias\/wp-json\/wp\/v2\/categories?post=12326"},{"taxonomy":"post_tag","embeddable":true,"href":"https:\/\/cajamar.sp.gov.br\/noticias\/wp-json\/wp\/v2\/tags?post=12326"},{"taxonomy":"posicao","embeddable":true,"href":"https:\/\/cajamar.sp.gov.br\/noticias\/wp-json\/wp\/v2\/posicao?post=12326"}],"curies":[{"name":"wp","href":"https:\/\/api.w.org\/{rel}","templated":true}]}}