{"id":12366,"date":"2018-08-03T15:49:52","date_gmt":"2018-08-03T18:49:52","guid":{"rendered":"http:\/\/wphomologa.cijun.sp.gov.br\/STIMPREN\/?p=12366"},"modified":"2018-08-03T15:49:52","modified_gmt":"2018-08-03T18:49:52","slug":"cajamar-inicia-projeto-de-floresta-urbana","status":"publish","type":"post","link":"https:\/\/cajamar.sp.gov.br\/noticias\/2018\/08\/03\/cajamar-inicia-projeto-de-floresta-urbana\/","title":{"rendered":"Cajamar inicia projeto de Floresta Urbana"},"content":{"rendered":"<!-- id:5152 -->\n\n<div class=\"wp-block-image\">\n<figure class=\"aligncenter\">\n<img decoding=\"async\" src=\"https:\/\/cajamar.sp.gov.br\/wp-content\/uploads\/arquivo\/img5152a.jpg\" \/>\n<figcaption>Os servi\u00e7os j\u00e1 foram iniciados, antes do plantio, o local recebe a constru\u00e7\u00e3o de uma nova cal\u00e7ada com piso intertravado<\/figcaption>\n<\/figure>\n<\/div>\n\n\nCajamar iniciou um projeto piloto de floresta urbana na \u00e1rea verde em frente \u00e0 Prefeitura ao lado da C\u00e2mara Municipal. A a\u00e7\u00e3o desenvolvida pela Diretoria de Meio Ambiente atende uma das diretivas do Programa Munic\u00edpio Verde Azul, referente \u00e0 arboriza\u00e7\u00e3o urbana, que neste ano, estabelece que os munic\u00edpios, executem um projeto piloto deste, exigindo ainda que o espa\u00e7o seja implantado no quarteir\u00e3o do Pa\u00e7o Municipal e reconhecido como \u00e1rea principal.<br><br>O plantio das esp\u00e9cies arb\u00f3reas ser\u00e1 iniciado ainda este m\u00eas e a Prefeitura conta com a participa\u00e7\u00e3o dos mun\u00edcipes, que moram no entorno do projeto e utilizam a \u00e1rea, para auxiliar na preserva\u00e7\u00e3o das mudas.<br><br>O Programa Munic\u00edpio Verde Azul \u00e9 uma a\u00e7\u00e3o da Secretaria de Meio Ambiente do Estado de S\u00e3o Paulo, que estimula e auxilia as prefeituras paulistas na elabora\u00e7\u00e3o e execu\u00e7\u00e3o de suas pol\u00edticas p\u00fablicas e estrat\u00e9gias para o desenvolvimento sustent\u00e1vel.<br><br>A equipe de Meio Ambiente tamb\u00e9m esteve conversando com diversos moradores da Lavrinha, para explicar os benef\u00edcios da arboriza\u00e7\u00e3o e porque \u00e9 necess\u00e1rio aumentar o plantio de \u00e1rvores, assim colaborar na preserva\u00e7\u00e3o destas, a fim de aumentar o conforto t\u00e9rmico, umidade e qualidade do ar, ampliar \u00e1reas com sombra e reduzir a polui\u00e7\u00e3o.<br>\n\n<!-- galeria:5152 -->\n\n<ul class=\"wp-block-gallery columns-2 is-cropped wp-block-gallery-1 is-layout-flex wp-block-gallery-is-layout-flex\">\n\n<li class=\"blocks-gallery-item\">\n\n<figure>\n\n<img decoding=\"async\" src=\"https:\/\/cajamar.sp.gov.br\/wp-content\/uploads\/arquivo\/img5152b.jpg\" \/>\n\n<figcaption>Equipe da Diretoria de Meio Ambiente durante di\u00e1logo com os moradores da Lavrinha, sobre os benef\u00edcios da arboriza\u00e7\u00e3o urbana<\/figcaption>\n\n<\/figure>\n\n<\/li>\n\n\n\n<\/ul>\n\n\n","protected":false},"excerpt":{"rendered":"<p>Meio Ambiente atende diretivas do Programa Munic\u00edpio Verde Azul do Estado<\/p>\n","protected":false},"author":5,"featured_media":0,"comment_status":"open","ping_status":"open","sticky":false,"template":"","format":"standard","meta":{"footnotes":""},"categories":[10],"tags":[],"posicao":[],"class_list":["post-12366","post","type-post","status-publish","format-standard","hentry","category-meio-ambiente"],"_links":{"self":[{"href":"https:\/\/cajamar.sp.gov.br\/noticias\/wp-json\/wp\/v2\/posts\/12366","targetHints":{"allow":["GET"]}}],"collection":[{"href":"https:\/\/cajamar.sp.gov.br\/noticias\/wp-json\/wp\/v2\/posts"}],"about":[{"href":"https:\/\/cajamar.sp.gov.br\/noticias\/wp-json\/wp\/v2\/types\/post"}],"author":[{"embeddable":true,"href":"https:\/\/cajamar.sp.gov.br\/noticias\/wp-json\/wp\/v2\/users\/5"}],"replies":[{"embeddable":true,"href":"https:\/\/cajamar.sp.gov.br\/noticias\/wp-json\/wp\/v2\/comments?post=12366"}],"version-history":[{"count":0,"href":"https:\/\/cajamar.sp.gov.br\/noticias\/wp-json\/wp\/v2\/posts\/12366\/revisions"}],"wp:attachment":[{"href":"https:\/\/cajamar.sp.gov.br\/noticias\/wp-json\/wp\/v2\/media?parent=12366"}],"wp:term":[{"taxonomy":"category","embeddable":true,"href":"https:\/\/cajamar.sp.gov.br\/noticias\/wp-json\/wp\/v2\/categories?post=12366"},{"taxonomy":"post_tag","embeddable":true,"href":"https:\/\/cajamar.sp.gov.br\/noticias\/wp-json\/wp\/v2\/tags?post=12366"},{"taxonomy":"posicao","embeddable":true,"href":"https:\/\/cajamar.sp.gov.br\/noticias\/wp-json\/wp\/v2\/posicao?post=12366"}],"curies":[{"name":"wp","href":"https:\/\/api.w.org\/{rel}","templated":true}]}}