{"id":12402,"date":"2018-08-21T11:42:38","date_gmt":"2018-08-21T14:42:38","guid":{"rendered":"http:\/\/wphomologa.cijun.sp.gov.br\/STIMPREN\/?p=12402"},"modified":"2018-08-21T11:42:38","modified_gmt":"2018-08-21T14:42:38","slug":"prefeita-recebe-representantes-do-desenvolvimento-social-da-regiao","status":"publish","type":"post","link":"https:\/\/cajamar.sp.gov.br\/noticias\/2018\/08\/21\/prefeita-recebe-representantes-do-desenvolvimento-social-da-regiao\/","title":{"rendered":"Prefeita recebe representantes do Desenvolvimento Social da regi\u00e3o"},"content":{"rendered":"<!-- id:5191 -->\n\n<div class=\"wp-block-image\">\n<figure class=\"aligncenter\">\n<img decoding=\"async\" src=\"https:\/\/cajamar.sp.gov.br\/wp-content\/uploads\/arquivo\/img5191a.jpg\" \/>\n<figcaption>Prefeita Dalete Oliveira, recebeu representantes das cidades da regi\u00e3o, para fortalecer e discutir a\u00e7\u00f5es de garantia de direitos <\/figcaption>\n<\/figure>\n<\/div>\n\n\nRepresentantes do servi\u00e7o de Assist\u00eancia Social dos cinco munic\u00edpios que integram o Cons\u00f3rcio Intermunicipal dos Munic\u00edpios da Bacia Juqueri (CIMBAJU) se reuniram com a prefeita Dalete Oliveira, na segunda-feira (20), para tratar de parcerias e a\u00e7\u00f5es em benef\u00edcio da regi\u00e3o.<br><br>Segundo o diretor municipal de Desenvolvimento Social de Cajamar, Niedson Filho, o objetivo tamb\u00e9m \u00e9 fortalecer a Pol\u00edtica de Assist\u00eancia Social, por meio de discuss\u00f5es de projetos e servi\u00e7os a serem elaborados e implementados pelos munic\u00edpios.<br><br>A prefeita Dalete Oliveira disse estar \u00e0 disposi\u00e7\u00e3o para este trabalho conjunto. \u201cEu acredito muito nessa parceria, com essa uni\u00e3o dos munic\u00edpios ser\u00e1 mais f\u00e1cil avan\u00e7ar. Acolhimento, humaniza\u00e7\u00e3o e se colocando no lugar do outro \u00e9 o que faz a diferen\u00e7a\u201d afirmou.<br><br>Participaram da reuni\u00e3o, os secret\u00e1rios de Desenvolvimento Social, Ana Maria Ribeiro (Franco da Rocha), Isabel Zinni (Caieiras), Wagner Santana (Francisco Morato) e a coordenadora Cleide Fernandes dos Santos (Mairipor\u00e3).<br>\n\n<!-- galeria:5191 -->","protected":false},"excerpt":{"rendered":"<p>Encontro discutiu a\u00e7\u00f5es a serem implementadas nas cinco cidades<\/p>\n","protected":false},"author":5,"featured_media":0,"comment_status":"open","ping_status":"open","sticky":false,"template":"","format":"standard","meta":{"footnotes":""},"categories":[4],"tags":[],"posicao":[],"class_list":["post-12402","post","type-post","status-publish","format-standard","hentry","category-social"],"_links":{"self":[{"href":"https:\/\/cajamar.sp.gov.br\/noticias\/wp-json\/wp\/v2\/posts\/12402","targetHints":{"allow":["GET"]}}],"collection":[{"href":"https:\/\/cajamar.sp.gov.br\/noticias\/wp-json\/wp\/v2\/posts"}],"about":[{"href":"https:\/\/cajamar.sp.gov.br\/noticias\/wp-json\/wp\/v2\/types\/post"}],"author":[{"embeddable":true,"href":"https:\/\/cajamar.sp.gov.br\/noticias\/wp-json\/wp\/v2\/users\/5"}],"replies":[{"embeddable":true,"href":"https:\/\/cajamar.sp.gov.br\/noticias\/wp-json\/wp\/v2\/comments?post=12402"}],"version-history":[{"count":0,"href":"https:\/\/cajamar.sp.gov.br\/noticias\/wp-json\/wp\/v2\/posts\/12402\/revisions"}],"wp:attachment":[{"href":"https:\/\/cajamar.sp.gov.br\/noticias\/wp-json\/wp\/v2\/media?parent=12402"}],"wp:term":[{"taxonomy":"category","embeddable":true,"href":"https:\/\/cajamar.sp.gov.br\/noticias\/wp-json\/wp\/v2\/categories?post=12402"},{"taxonomy":"post_tag","embeddable":true,"href":"https:\/\/cajamar.sp.gov.br\/noticias\/wp-json\/wp\/v2\/tags?post=12402"},{"taxonomy":"posicao","embeddable":true,"href":"https:\/\/cajamar.sp.gov.br\/noticias\/wp-json\/wp\/v2\/posicao?post=12402"}],"curies":[{"name":"wp","href":"https:\/\/api.w.org\/{rel}","templated":true}]}}