{"id":12441,"date":"2018-09-06T11:30:08","date_gmt":"2018-09-06T14:30:08","guid":{"rendered":"http:\/\/wphomologa.cijun.sp.gov.br\/STIMPREN\/?p=12441"},"modified":"2018-09-06T11:30:08","modified_gmt":"2018-09-06T14:30:08","slug":"pedido-da-fatec-cajamar-e-entregue","status":"publish","type":"post","link":"https:\/\/cajamar.sp.gov.br\/noticias\/2018\/09\/06\/pedido-da-fatec-cajamar-e-entregue\/","title":{"rendered":"Pedido da FATEC Cajamar \u00e9 entregue"},"content":{"rendered":"<!-- id:5230 -->\n\n<div class=\"wp-block-image\">\n<figure class=\"aligncenter\">\n<img decoding=\"async\" src=\"https:\/\/cajamar.sp.gov.br\/wp-content\/uploads\/arquivo\/img5230a.jpg\" \/>\n<figcaption>Secret\u00e1rio Ricardo Bocalon recebeu o of\u00edcio solicitando a instala\u00e7\u00e3o da FATEC e disse que atender\u00e1 o pedido da prefeita e dos vereadores de Cajamar<\/figcaption>\n<\/figure>\n<\/div>\n\n\nA prefeita Dalete Oliveira e os vereadores Carlinhos da Padaria, Cid\u00e3o, Edinho Domingues, Fabiano Galv\u00e3o, Irm\u00e3o Feliciano, Marcelo do G\u00e1s, Neiz\u00e3o e Saulo foram recebidos na Secretaria de Estado de Desenvolvimento Econ\u00f4mico, Ci\u00eancia, Tecnologia e Inova\u00e7\u00e3o, em S\u00e3o Paulo, e protocolaram o of\u00edcio solicitando a instala\u00e7\u00e3o da FATEC.<br><br>O secret\u00e1rio Ricardo Bocalon fez quest\u00e3o de receb\u00ea-los e durante a reuni\u00e3o garantiu que Cajamar possui todos os requisitos para instala\u00e7\u00e3o da Faculdade de Tecnologia de S\u00e3o Paulo, institui\u00e7\u00e3o de ensino superior gratuito com 45 anos de tradi\u00e7\u00e3o, que oferece cursos de grande aceita\u00e7\u00e3o no mercado.<br><br>A prefeita com o apoio dos oito vereadores presentes, apresentou sugest\u00f5es de \u00e1reas para instala\u00e7\u00e3o da FATEC. Bocalon disse que no caso da disponibilidade de salas, alguns cursos j\u00e1 poderiam ser iniciados na cidade no pr\u00f3ximo ano.<br> <br>Os vereadores ainda pediram ao secret\u00e1rio Ricardo Bocalon a reforma da ETEC do Maria Lu\u00edza e das escolas estaduais.<br><br>O diretor de Habita\u00e7\u00e3o e de Meio Ambiente, Carlos Guio, e o chefe do Departamento de Conv\u00eanios, Luiz Pires de Campos, tamb\u00e9m participaram a reuni\u00e3o. <br>\n\n<!-- galeria:5230 -->","protected":false},"excerpt":{"rendered":"<p>Instala\u00e7\u00e3o da Faculdade foi tratada durante reuni\u00e3o na Secretaria de Estado de Desenvolvimento Econ\u00f4mico, Ci\u00eancia, Tecnologia e Inova\u00e7\u00e3o<\/p>\n","protected":false},"author":5,"featured_media":0,"comment_status":"open","ping_status":"open","sticky":false,"template":"","format":"standard","meta":{"footnotes":""},"categories":[1],"tags":[],"posicao":[],"class_list":["post-12441","post","type-post","status-publish","format-standard","hentry","category-noticias"],"_links":{"self":[{"href":"https:\/\/cajamar.sp.gov.br\/noticias\/wp-json\/wp\/v2\/posts\/12441","targetHints":{"allow":["GET"]}}],"collection":[{"href":"https:\/\/cajamar.sp.gov.br\/noticias\/wp-json\/wp\/v2\/posts"}],"about":[{"href":"https:\/\/cajamar.sp.gov.br\/noticias\/wp-json\/wp\/v2\/types\/post"}],"author":[{"embeddable":true,"href":"https:\/\/cajamar.sp.gov.br\/noticias\/wp-json\/wp\/v2\/users\/5"}],"replies":[{"embeddable":true,"href":"https:\/\/cajamar.sp.gov.br\/noticias\/wp-json\/wp\/v2\/comments?post=12441"}],"version-history":[{"count":0,"href":"https:\/\/cajamar.sp.gov.br\/noticias\/wp-json\/wp\/v2\/posts\/12441\/revisions"}],"wp:attachment":[{"href":"https:\/\/cajamar.sp.gov.br\/noticias\/wp-json\/wp\/v2\/media?parent=12441"}],"wp:term":[{"taxonomy":"category","embeddable":true,"href":"https:\/\/cajamar.sp.gov.br\/noticias\/wp-json\/wp\/v2\/categories?post=12441"},{"taxonomy":"post_tag","embeddable":true,"href":"https:\/\/cajamar.sp.gov.br\/noticias\/wp-json\/wp\/v2\/tags?post=12441"},{"taxonomy":"posicao","embeddable":true,"href":"https:\/\/cajamar.sp.gov.br\/noticias\/wp-json\/wp\/v2\/posicao?post=12441"}],"curies":[{"name":"wp","href":"https:\/\/api.w.org\/{rel}","templated":true}]}}