{"id":12448,"date":"2018-09-10T14:59:45","date_gmt":"2018-09-10T17:59:45","guid":{"rendered":"http:\/\/wphomologa.cijun.sp.gov.br\/STIMPREN\/?p=12448"},"modified":"2018-09-10T14:59:45","modified_gmt":"2018-09-10T17:59:45","slug":"semana-da-melhor-idade-comeca-nesta-segunda-feira","status":"publish","type":"post","link":"https:\/\/cajamar.sp.gov.br\/noticias\/2018\/09\/10\/semana-da-melhor-idade-comeca-nesta-segunda-feira\/","title":{"rendered":"Semana da Melhor Idade come\u00e7a nesta segunda-feira"},"content":{"rendered":"<!-- id:5237 -->\n\n<div class=\"wp-block-image\">\n<figure class=\"aligncenter\">\n<img decoding=\"async\" src=\"https:\/\/cajamar.sp.gov.br\/wp-content\/uploads\/arquivo\/img5237a.jpg\" \/>\n<figcaption>Na brincadeira com bexigas o grupo se divertiu, dan\u00e7ou, abra\u00e7ou e cumprimentou os amigos <\/figcaption>\n<\/figure>\n<\/div>\n\n\nO NIC (N\u00facleo do Idoso de Cajamar) iniciou a Semana da Melhor Idade 2018 nesta segunda-feira (10), com uma programa\u00e7\u00e3o diferente. O encontro reuniu quase 100 frequentadores, que puderam refletir com uma boa conversa boa e se divertir com brincadeiras, dan\u00e7as e um caf\u00e9 da manh\u00e3 especial. <br><br>Para integrar o grupo, uma brincadeira com bexigas tamb\u00e9m foi realizada, na primeira etapa elas n\u00e3o podiam cair no ch\u00e3o e, depois cada um ao estourar a sua, podia ler seu bilhete, que dizia para abra\u00e7ar ou beijar o amigo do lado.<br><br>A presidente do Fundo Social de Solidariedade, Maria Luzia dos Santos, a Lu, agradeceu a presen\u00e7a de cada um dos idosos. \u201cTodas as atividades dessa semana, que ser\u00e1 intensa, foram feitas exclusivamente para voc\u00eas, porque voc\u00eas merecem. Eu desejo do fundo meu cora\u00e7\u00e3o que sejam dias felizes, de alegria e muita energia\u201d.<br><br>A moradora de Jordan\u00e9sia, Luzia Maria da Silva, que participa dos encontros do NIC h\u00e1 mais de um ano, falou sobre os benef\u00edcios da atividade f\u00edsica na sua vida \u201cEu amo a aula de gin\u00e1stica e a hidro, minhas dores melhoraram muito, eu nunca falto. Adoro conversar com as pessoas, sem o NIC, eu com certeza estaria com depress\u00e3o\u201d afirmou.<br><br>Os profissionais que realizam as atividades di\u00e1rias com os participantes do NIC, Leandro Mantegazza e M\u00e1rcio Galhardo (educadores f\u00edsicos), Lucilene Vasconcelos (dan\u00e7a) e Nazar\u00e9 Martins (fisioterapeuta) demonstraram respeito e cuidado com o p\u00fablico durante abertura dessa Semana t\u00e3o especial para todos.<br><br><b>Programa\u00e7\u00e3o da Semana do Idoso 2018 <\/b><br><br>Ter\u00e7a-feira (11)<br><br>Atividade f\u00edsica din\u00e2mica, circuito training, no Gin\u00e1sio Lamartine de Paula Lima, no Centro, das 9h \u00e0s 10h30.<br><br>Quarta-feira (12)<br><br>Jogo amistoso de voleibol adaptado, no Gin\u00e1sio Prefeito Manoel \u00c1lvares, das 8h \u00e0s 11h.<br><br>Quinta-feira (13)<br><br>Ensaio do Concurso Miss e Mister Terceira Idade, no Gin\u00e1sio Lamartine de Paula Lima, no Centro, das 8h \u00e0s 11h.<br><br>Sexta-feira (14)<br><br>Hidrogin\u00e1stica e jogos de mesa no Conjunto Aqu\u00e1tico Ant\u00f4nio da Silva Esparrinha J\u00fanior, em Jordan\u00e9sia, das 9h \u00e0s 10h30.<br><br>S\u00e1bado (15)<br>Baile da Melhor Idade, no Gin\u00e1sio Lamartine de Paula Lima, das 18h \u00e0s 23h.<br><br>\n\n<!-- galeria:5237 -->\n\n<ul class=\"wp-block-gallery columns-2 is-cropped wp-block-gallery-1 is-layout-flex wp-block-gallery-is-layout-flex\">\n\n<li class=\"blocks-gallery-item\">\n\n<figure>\n\n<img decoding=\"async\" src=\"https:\/\/cajamar.sp.gov.br\/wp-content\/uploads\/arquivo\/img5237b.jpg\" \/>\n\n<figcaption>Toda a equipe do N\u00facleo do Idoso de Cajamar, com a presidente do Fundo Social de Solidariedade e o grupo de dan\u00e7a que se apresentou nesta segunda-feira (10)<\/figcaption>\n\n<\/figure>\n\n<\/li>\n\n\n\n<li class=\"blocks-gallery-item\">\n\n<figure>\n\n<img decoding=\"async\" src=\"https:\/\/cajamar.sp.gov.br\/wp-content\/uploads\/arquivo\/img5237c.jpg\" \/>\n\n<figcaption>Duas apresenta\u00e7\u00f5es de dan\u00e7a animaram a abertura da Semana da Melhor Idadade do N\u00facleo do Idoso de Cajamar <\/figcaption>\n\n<\/figure>\n\n<\/li>\n\n\n\n<li class=\"blocks-gallery-item\">\n\n<figure>\n\n<img decoding=\"async\" src=\"https:\/\/cajamar.sp.gov.br\/wp-content\/uploads\/arquivo\/img5237d.jpg\" \/>\n\n<figcaption> Quase cem frequentadores do NIC, participaram das atividades e do caf\u00e9 da manh\u00e3 especial em homenagem a melhor idade <\/figcaption>\n\n<\/figure>\n\n<\/li>\n\n\n\n<li class=\"blocks-gallery-item\">\n\n<figure>\n\n<img decoding=\"async\" src=\"https:\/\/cajamar.sp.gov.br\/wp-content\/uploads\/arquivo\/img5237e.jpg\" \/>\n\n<figcaption>O encontrou tamb\u00e9m proporcionou muita emo\u00e7\u00e3o <\/figcaption>\n\n<\/figure>\n\n<\/li>\n\n\n\n<\/ul>\n\n\n","protected":false},"excerpt":{"rendered":"<p>Frequentadores do N\u00facleo do Idoso se divertiram com a programa\u00e7\u00e3o de abertura<\/p>\n","protected":false},"author":5,"featured_media":0,"comment_status":"open","ping_status":"open","sticky":false,"template":"","format":"standard","meta":{"footnotes":""},"categories":[16],"tags":[],"posicao":[],"class_list":["post-12448","post","type-post","status-publish","format-standard","hentry","category-fundo-social-cajamar"],"_links":{"self":[{"href":"https:\/\/cajamar.sp.gov.br\/noticias\/wp-json\/wp\/v2\/posts\/12448","targetHints":{"allow":["GET"]}}],"collection":[{"href":"https:\/\/cajamar.sp.gov.br\/noticias\/wp-json\/wp\/v2\/posts"}],"about":[{"href":"https:\/\/cajamar.sp.gov.br\/noticias\/wp-json\/wp\/v2\/types\/post"}],"author":[{"embeddable":true,"href":"https:\/\/cajamar.sp.gov.br\/noticias\/wp-json\/wp\/v2\/users\/5"}],"replies":[{"embeddable":true,"href":"https:\/\/cajamar.sp.gov.br\/noticias\/wp-json\/wp\/v2\/comments?post=12448"}],"version-history":[{"count":0,"href":"https:\/\/cajamar.sp.gov.br\/noticias\/wp-json\/wp\/v2\/posts\/12448\/revisions"}],"wp:attachment":[{"href":"https:\/\/cajamar.sp.gov.br\/noticias\/wp-json\/wp\/v2\/media?parent=12448"}],"wp:term":[{"taxonomy":"category","embeddable":true,"href":"https:\/\/cajamar.sp.gov.br\/noticias\/wp-json\/wp\/v2\/categories?post=12448"},{"taxonomy":"post_tag","embeddable":true,"href":"https:\/\/cajamar.sp.gov.br\/noticias\/wp-json\/wp\/v2\/tags?post=12448"},{"taxonomy":"posicao","embeddable":true,"href":"https:\/\/cajamar.sp.gov.br\/noticias\/wp-json\/wp\/v2\/posicao?post=12448"}],"curies":[{"name":"wp","href":"https:\/\/api.w.org\/{rel}","templated":true}]}}