{"id":12493,"date":"2018-10-01T15:10:04","date_gmt":"2018-10-01T18:10:04","guid":{"rendered":"http:\/\/wphomologa.cijun.sp.gov.br\/STIMPREN\/?p=12493"},"modified":"2018-10-01T15:10:04","modified_gmt":"2018-10-01T18:10:04","slug":"praca-ceu-oferece-diversas-atividades","status":"publish","type":"post","link":"https:\/\/cajamar.sp.gov.br\/noticias\/2018\/10\/01\/praca-ceu-oferece-diversas-atividades\/","title":{"rendered":"Pra\u00e7a CEU oferece diversas atividades"},"content":{"rendered":"<!-- id:5282 -->\n\n<div class=\"wp-block-image\">\n<figure class=\"aligncenter\">\n<img decoding=\"async\" src=\"https:\/\/cajamar.sp.gov.br\/wp-content\/uploads\/arquivo\/img5282a.jpg\" \/>\n<figcaption>Apresenta\u00e7\u00e3o das crian\u00e7as da oficina de Ballet encantou o p\u00fablico no \u00faltimo dia 15<\/figcaption>\n<\/figure>\n<\/div>\n\n\nA Pra\u00e7a CEU (Centro de Artes e Esportes Unificados Irineu L\u00facio Rodrigues) ampliou as atividades oferecidas aos moradores da regi\u00e3o do Parque Maria Aparecida.<br><br>Durante a semana, crian\u00e7as, adolescentes e adultos participam de oficinas gratuitas de artes pl\u00e1sticas, artesanato, viol\u00e3o (a partir de 10 anos), ballet (3 a 15 anos), canto e coral (7 a 13 anos), gin\u00e1stica funcional, al\u00e9m da escolinha de karat\u00ea. A sala de inform\u00e1tica, biblioteca, quadra poliesportiva, pista de skate e sala multiuso tamb\u00e9m est\u00e3o dispon\u00edveis para a popula\u00e7\u00e3o, al\u00e9m dos atendimentos do CRAS (Centro de Refer\u00eancia de Assist\u00eancia Social) e do PAT Itinerante (Posto de Atendimento ao Trabalhador).<br><br>O espa\u00e7o realizou em setembro o Projeto M\u00eas da Independ\u00eancia com uma programa\u00e7\u00e3o especial no \u00faltimo dia 15, que contou com mostra de artesanato, food trucks, xadrez, damas, sala de inform\u00e1tica, apresenta\u00e7\u00e3o da Fanfarra Municipal de Cajamar, do Quarteto de Cordas, das crian\u00e7as das oficinas de ballet e de canto e coral, envolvendo as fam\u00edlias e convidados.    <br><br>Tamb\u00e9m foram oferecidos para crian\u00e7as dois passeios com transporte e monitores para a Serra do Mar, em S\u00e3o Bernardo do Campo, e o Parque da Independ\u00eancia, no bairro do Ipiranga, em S\u00e3o Paulo. A sess\u00e3o de cinema com reflex\u00e3o na quinta-feira (27) encerrou a programa\u00e7\u00e3o do m\u00eas.<br><br>A Pra\u00e7a CEU mobiliza a comunidade, incentivando participa\u00e7\u00e3o. Em julho, o projeto &#8220;F\u00e9rias na Pra\u00e7a&#8221;, contou com o apoio de volunt\u00e1rios e outros \u00f3rg\u00e3os da Prefeitura, como as Diretorias de Desenvolvimento Social, Esportes, Meio Ambiente, Guarda Municipal, entre outros colaboradores.<br><br><br><b>Pra\u00e7a CEU Irineu L\u00facio Rodrigues<br>Rua Constantino Francisco de Almeida, 367, Parque Maria Aparecida.<\/b><br>\n\n<!-- galeria:5282 -->\n\n<ul class=\"wp-block-gallery columns-2 is-cropped wp-block-gallery-1 is-layout-flex wp-block-gallery-is-layout-flex\">\n\n<li class=\"blocks-gallery-item\">\n\n<figure>\n\n<img decoding=\"async\" src=\"https:\/\/cajamar.sp.gov.br\/wp-content\/uploads\/arquivo\/img5282b.jpg\" \/>\n\n<figcaption>Apresenta\u00e7\u00e3o do Quarteto de Cordas <\/figcaption>\n\n<\/figure>\n\n<\/li>\n\n\n\n<li class=\"blocks-gallery-item\">\n\n<figure>\n\n<img decoding=\"async\" src=\"https:\/\/cajamar.sp.gov.br\/wp-content\/uploads\/arquivo\/img5282c.jpg\" \/>\n\n<figcaption>Exposi\u00e7\u00e3o de artesanato<\/figcaption>\n\n<\/figure>\n\n<\/li>\n\n\n\n<\/ul>\n\n\n","protected":false},"excerpt":{"rendered":"<p>Oficinas culturais, projetos de inform\u00e1tica, esportes e lazer atendem moradores da regi\u00e3o do Pq. Maria Aparecida<\/p>\n","protected":false},"author":5,"featured_media":0,"comment_status":"open","ping_status":"open","sticky":false,"template":"","format":"standard","meta":{"footnotes":""},"categories":[12],"tags":[],"posicao":[],"class_list":["post-12493","post","type-post","status-publish","format-standard","hentry","category-cultura"],"_links":{"self":[{"href":"https:\/\/cajamar.sp.gov.br\/noticias\/wp-json\/wp\/v2\/posts\/12493","targetHints":{"allow":["GET"]}}],"collection":[{"href":"https:\/\/cajamar.sp.gov.br\/noticias\/wp-json\/wp\/v2\/posts"}],"about":[{"href":"https:\/\/cajamar.sp.gov.br\/noticias\/wp-json\/wp\/v2\/types\/post"}],"author":[{"embeddable":true,"href":"https:\/\/cajamar.sp.gov.br\/noticias\/wp-json\/wp\/v2\/users\/5"}],"replies":[{"embeddable":true,"href":"https:\/\/cajamar.sp.gov.br\/noticias\/wp-json\/wp\/v2\/comments?post=12493"}],"version-history":[{"count":0,"href":"https:\/\/cajamar.sp.gov.br\/noticias\/wp-json\/wp\/v2\/posts\/12493\/revisions"}],"wp:attachment":[{"href":"https:\/\/cajamar.sp.gov.br\/noticias\/wp-json\/wp\/v2\/media?parent=12493"}],"wp:term":[{"taxonomy":"category","embeddable":true,"href":"https:\/\/cajamar.sp.gov.br\/noticias\/wp-json\/wp\/v2\/categories?post=12493"},{"taxonomy":"post_tag","embeddable":true,"href":"https:\/\/cajamar.sp.gov.br\/noticias\/wp-json\/wp\/v2\/tags?post=12493"},{"taxonomy":"posicao","embeddable":true,"href":"https:\/\/cajamar.sp.gov.br\/noticias\/wp-json\/wp\/v2\/posicao?post=12493"}],"curies":[{"name":"wp","href":"https:\/\/api.w.org\/{rel}","templated":true}]}}