{"id":12518,"date":"2018-10-15T13:54:46","date_gmt":"2018-10-15T16:54:46","guid":{"rendered":"http:\/\/wphomologa.cijun.sp.gov.br\/STIMPREN\/?p=12518"},"modified":"2018-10-15T13:54:46","modified_gmt":"2018-10-15T16:54:46","slug":"atletas-do-karate-de-cajamar-disputam-final-do-campeonato-brasileiro","status":"publish","type":"post","link":"https:\/\/cajamar.sp.gov.br\/noticias\/2018\/10\/15\/atletas-do-karate-de-cajamar-disputam-final-do-campeonato-brasileiro\/","title":{"rendered":"Atletas do Karat\u00ea de Cajamar disputam Final do Campeonato Brasileiro"},"content":{"rendered":"<!-- id:5306 -->\n\n<div class=\"wp-block-image\">\n<figure class=\"aligncenter\">\n<img decoding=\"async\" src=\"https:\/\/cajamar.sp.gov.br\/wp-content\/uploads\/arquivo\/img5306a.jpg\" \/>\n<figcaption>O diretor de Esportes Everton Agostinho, acompanhou o \u00faltimo treino dos atletas e desejou boa sorte na competi\u00e7\u00e3o <\/figcaption>\n<\/figure>\n<\/div>\n\n\nO professor de Karat\u00ea da Diretoria de Esportes, Eventos e Lazer, Anderson Silva, o \u201cNequinha\u201d, e o seu aluno Kaik Lazarini, que se destacaram durante diversas competi\u00e7\u00f5es ao longo deste ano, viajam nesta segunda-feira (15), para Belo Horizonte, em Minas Gerais, onde disputam a Final do Campeonato Brasileiro de Karat\u00ea. <br><br>Se conquistarem medalhas, os atletas pontuam no ranking nacional, sendo poss\u00edvel ainda, que o jovem de 24 anos, Kaik, participe da equipe brasileira que disputar\u00e1 o Sul-Americano e o Pan-Americano de 2019, em Lima, no Peru.<br><br>O diretor de Esportes, Eventon Agostinho, acompanhou uma das aulas de Karat\u00ea, na semana passada, e aproveitou a oportunidade para desejar boa sorte aos atletas, que com o apoio da Prefeitura, buscam realizar um sonho. \u201cEm Cajamar, o Karat\u00ea, \u00e9 um esporte em ascens\u00e3o e nossos atletas s\u00e3o destaque. Al\u00e9m de performance, a modalidade traz a socializa\u00e7\u00e3o, disciplina, o respeito e a cidadania para os atletas\u201d.<br><br><b>Karat\u00ea em Cajamar<\/b><br><br>As aulas de Karat\u00ea acontecem toda ter\u00e7a-feira e quinta-feira, das 13h \u00e0s 14h, na Pra\u00e7a CEU (Centro de Artes e Esportes Unificados), no Pq. Maria Aparecida; das 15h \u00e0s 16h, no Centro Comunit\u00e1rio do Jd. Maria Luiza; e das 18h \u00e0s 20h, na sala Vip do Centro de Eventos do Boi\u00f3dromo, em Jordan\u00e9sia.<br><br>Para fazer sua inscri\u00e7\u00e3o, entre em contato com a Diretoria Municipal de Esportes <br><br>\n\n<!-- galeria:5306 -->\n\n<ul class=\"wp-block-gallery columns-2 is-cropped wp-block-gallery-1 is-layout-flex wp-block-gallery-is-layout-flex\">\n\n<li class=\"blocks-gallery-item\">\n\n<figure>\n\n<img decoding=\"async\" src=\"https:\/\/cajamar.sp.gov.br\/wp-content\/uploads\/arquivo\/img5306b.jpg\" \/>\n\n<figcaption>Nequinha e o seu aluno Kaik Lazarini, ter\u00e3o a oportunidades de pontuar no ranking nacional de Karat\u00ea<\/figcaption>\n\n<\/figure>\n\n<\/li>\n\n\n\n<\/ul>\n\n\n","protected":false},"excerpt":{"rendered":"<p>Nequinha e Kaiki viajam nesta segunda-feira para Minas Gerais<\/p>\n","protected":false},"author":5,"featured_media":0,"comment_status":"open","ping_status":"open","sticky":false,"template":"","format":"standard","meta":{"footnotes":""},"categories":[5],"tags":[],"posicao":[],"class_list":["post-12518","post","type-post","status-publish","format-standard","hentry","category-esportes-e-lazer"],"_links":{"self":[{"href":"https:\/\/cajamar.sp.gov.br\/noticias\/wp-json\/wp\/v2\/posts\/12518","targetHints":{"allow":["GET"]}}],"collection":[{"href":"https:\/\/cajamar.sp.gov.br\/noticias\/wp-json\/wp\/v2\/posts"}],"about":[{"href":"https:\/\/cajamar.sp.gov.br\/noticias\/wp-json\/wp\/v2\/types\/post"}],"author":[{"embeddable":true,"href":"https:\/\/cajamar.sp.gov.br\/noticias\/wp-json\/wp\/v2\/users\/5"}],"replies":[{"embeddable":true,"href":"https:\/\/cajamar.sp.gov.br\/noticias\/wp-json\/wp\/v2\/comments?post=12518"}],"version-history":[{"count":0,"href":"https:\/\/cajamar.sp.gov.br\/noticias\/wp-json\/wp\/v2\/posts\/12518\/revisions"}],"wp:attachment":[{"href":"https:\/\/cajamar.sp.gov.br\/noticias\/wp-json\/wp\/v2\/media?parent=12518"}],"wp:term":[{"taxonomy":"category","embeddable":true,"href":"https:\/\/cajamar.sp.gov.br\/noticias\/wp-json\/wp\/v2\/categories?post=12518"},{"taxonomy":"post_tag","embeddable":true,"href":"https:\/\/cajamar.sp.gov.br\/noticias\/wp-json\/wp\/v2\/tags?post=12518"},{"taxonomy":"posicao","embeddable":true,"href":"https:\/\/cajamar.sp.gov.br\/noticias\/wp-json\/wp\/v2\/posicao?post=12518"}],"curies":[{"name":"wp","href":"https:\/\/api.w.org\/{rel}","templated":true}]}}