{"id":12532,"date":"2018-10-19T16:49:51","date_gmt":"2018-10-19T19:49:51","guid":{"rendered":"http:\/\/wphomologa.cijun.sp.gov.br\/STIMPREN\/?p=12532"},"modified":"2018-10-19T16:49:51","modified_gmt":"2018-10-19T19:49:51","slug":"quem-tem-medo-de-curupira-tem-apresentacao-neste-sabado-e-domingo","status":"publish","type":"post","link":"https:\/\/cajamar.sp.gov.br\/noticias\/2018\/10\/19\/quem-tem-medo-de-curupira-tem-apresentacao-neste-sabado-e-domingo\/","title":{"rendered":"\u201cQuem tem medo de Curupira?\u201d tem apresenta\u00e7\u00e3o neste s\u00e1bado e domingo"},"content":{"rendered":"<!-- id:5321 -->\n\n<div class=\"wp-block-image\">\n<figure class=\"aligncenter\">\n<img decoding=\"async\" src=\"https:\/\/cajamar.sp.gov.br\/wp-content\/uploads\/arquivo\/img5321a.jpg\" \/>\n<figcaption>Mais informa\u00e7\u00f5es pelo telefone 4407-0616<\/figcaption>\n<\/figure>\n<\/div>\n\n\nOs alunos das Oficinas de Teatro da Diretoria Municipal de Cultura apresentam nesse s\u00e1bado (20) e domingo (21), em dois hor\u00e1rios, \u00e0s 18h e \u00e0s 20hs, o musical escrito pelo cantor e compositor Zeca Baleiro, \u201cQuem tem medo de Curupira?\u201d. Mais de mil pessoas j\u00e1 se emocionaram com o espet\u00e1culo, que fortalece a import\u00e2ncia da mem\u00f3ria do folclore brasileiro, de maneira atual e divertida.<br><br>A plateia que j\u00e1 prestigiou o espet\u00e1culo est\u00e1 surpresa com a riqueza e a quantidade de detalhes na pe\u00e7a. Yara Regina Camillo afirmou que ela e os amigos adoraram e esperam por mais produ\u00e7\u00f5es como essa. \u201cEu amei o espet\u00e1culo, muito bem elaborado, os personagens cada um com suas caracter\u00edsticas, o folclore brasileiro n\u00e3o pode ser esquecido. As letras das m\u00fasicas, tudo, realmente muito maravilhoso\u201d afirmou.<br><br>Para assistir o musical que tem dire\u00e7\u00e3o do professor de teatro, Adilson Pereira, \u00e9 necess\u00e1rio chegar ao Centro Cultural, localizado na Avenida Arnaldo Rojek, 295, em Jordan\u00e9sia, com uma hora de anteced\u00eancia, sendo limitado a dois ingressos por pessoa.<br><br><b>Elenco <\/b><br>Camila Rodrigues<br>Fabio Gabriel <br>Renan Coutinho <br>Sidnei Galv\u00e3o <br>Barbara Castelo<br>Camila Francisco <br>Eduarda Sguscow <br>Tatiana Maia<br>Daniel Alexandre <br>Iasmin Martins <br>Haroldo Luiz <br>Larissa Santos <br>Ariane Retanero <br>Kaio Verdile <br>Pamela Karen <br>Samanta Soares <br>Gustavo Santos <br>Lucas Costa <br>Rick Nascimento <br>Tales Turner<br>Jo\u00e3o Serramadeira<br>Jo\u00e3o Quito <br>Murilo Henrique <br>Banda Artemosfera <br>Vinicius de Ara\u00fajo<br><br><b>Equipe Musical <\/b><br>Camila Fernandes <br>Lucas Menezes <br>Milena Lumazini<br>Vinicius de Ara\u00fajo <br>Vinicius Henrique <br>Lucas Henrique <br>Gabriel Jos\u00e9 <br>Daniela Gon\u00e7alves <br><br><b>Cenografia<\/b><br>Jo\u00e3o Quito <br>Daniela Gon\u00e7alves <br>Debora Janaina <br>\n\n<!-- galeria:5321 -->\n\n<ul class=\"wp-block-gallery columns-2 is-cropped wp-block-gallery-1 is-layout-flex wp-block-gallery-is-layout-flex\">\n\n<li class=\"blocks-gallery-item\">\n\n<figure>\n\n<img decoding=\"async\" src=\"https:\/\/cajamar.sp.gov.br\/wp-content\/uploads\/arquivo\/img5321b.jpg\" \/>\n\n<figcaption><\/figcaption>\n\n<\/figure>\n\n<\/li>\n\n\n\n<li class=\"blocks-gallery-item\">\n\n<figure>\n\n<img decoding=\"async\" src=\"https:\/\/cajamar.sp.gov.br\/wp-content\/uploads\/arquivo\/img5321c.jpg\" \/>\n\n<figcaption><\/figcaption>\n\n<\/figure>\n\n<\/li>\n\n\n\n<li class=\"blocks-gallery-item\">\n\n<figure>\n\n<img decoding=\"async\" src=\"https:\/\/cajamar.sp.gov.br\/wp-content\/uploads\/arquivo\/img5321d.jpg\" \/>\n\n<figcaption><\/figcaption>\n\n<\/figure>\n\n<\/li>\n\n\n\n<\/ul>\n\n\n","protected":false},"excerpt":{"rendered":"<p>Sess\u00f5es \u00e0s 18 h e \u00e0s 20 h, no Centro Cultural de Jordan\u00e9sia<\/p>\n","protected":false},"author":5,"featured_media":0,"comment_status":"open","ping_status":"open","sticky":false,"template":"","format":"standard","meta":{"footnotes":""},"categories":[12],"tags":[],"posicao":[],"class_list":["post-12532","post","type-post","status-publish","format-standard","hentry","category-cultura"],"_links":{"self":[{"href":"https:\/\/cajamar.sp.gov.br\/noticias\/wp-json\/wp\/v2\/posts\/12532","targetHints":{"allow":["GET"]}}],"collection":[{"href":"https:\/\/cajamar.sp.gov.br\/noticias\/wp-json\/wp\/v2\/posts"}],"about":[{"href":"https:\/\/cajamar.sp.gov.br\/noticias\/wp-json\/wp\/v2\/types\/post"}],"author":[{"embeddable":true,"href":"https:\/\/cajamar.sp.gov.br\/noticias\/wp-json\/wp\/v2\/users\/5"}],"replies":[{"embeddable":true,"href":"https:\/\/cajamar.sp.gov.br\/noticias\/wp-json\/wp\/v2\/comments?post=12532"}],"version-history":[{"count":0,"href":"https:\/\/cajamar.sp.gov.br\/noticias\/wp-json\/wp\/v2\/posts\/12532\/revisions"}],"wp:attachment":[{"href":"https:\/\/cajamar.sp.gov.br\/noticias\/wp-json\/wp\/v2\/media?parent=12532"}],"wp:term":[{"taxonomy":"category","embeddable":true,"href":"https:\/\/cajamar.sp.gov.br\/noticias\/wp-json\/wp\/v2\/categories?post=12532"},{"taxonomy":"post_tag","embeddable":true,"href":"https:\/\/cajamar.sp.gov.br\/noticias\/wp-json\/wp\/v2\/tags?post=12532"},{"taxonomy":"posicao","embeddable":true,"href":"https:\/\/cajamar.sp.gov.br\/noticias\/wp-json\/wp\/v2\/posicao?post=12532"}],"curies":[{"name":"wp","href":"https:\/\/api.w.org\/{rel}","templated":true}]}}