{"id":12534,"date":"2018-10-22T11:37:47","date_gmt":"2018-10-22T14:37:47","guid":{"rendered":"http:\/\/wphomologa.cijun.sp.gov.br\/STIMPREN\/?p=12534"},"modified":"2018-10-22T11:37:47","modified_gmt":"2018-10-22T14:37:47","slug":"profissionais-da-educacao-recebem-treinamento-sobre-acuidade-visual","status":"publish","type":"post","link":"https:\/\/cajamar.sp.gov.br\/noticias\/2018\/10\/22\/profissionais-da-educacao-recebem-treinamento-sobre-acuidade-visual\/","title":{"rendered":"Profissionais da Educa\u00e7\u00e3o recebem treinamento sobre acuidade visual"},"content":{"rendered":"<!-- id:5323 -->\n\n<div class=\"wp-block-image\">\n<figure class=\"aligncenter\">\n<img decoding=\"async\" src=\"https:\/\/cajamar.sp.gov.br\/wp-content\/uploads\/arquivo\/img5323a.jpg\" \/>\n<figcaption>Profissionais da Diretoria de Sa\u00fade e representantes das empresas que est\u00e3o envolvidas no Projeto Ver e Viver, durante reuni\u00e3o com os assessores pedag\u00f3gicos<\/figcaption>\n<\/figure>\n<\/div>\n\n\nPara dar continuidade ao projeto \u201cVer e Viver\u201d, os assessores pedag\u00f3gicos da Diretoria Municipal de Educa\u00e7\u00e3o participaram na quarta-feira (17), de uma capacita\u00e7\u00e3o sobre acuidade visual e receberam orienta\u00e7\u00f5es para identificar os alunos que possuem dificuldades para enxergar, atrav\u00e9s da triagem visual.<br><br>Marcos Bueno Barros Alves, representante da Funda\u00e7\u00e3o Arcellor Mital, uma das empresas parceiras no projeto, fez a entrega dos materiais utilizados nesse primeiro diagn\u00f3stico, como a escala optom\u00e9trica.<br><br>A Diretoria de Sa\u00fade ser\u00e1 respons\u00e1vel pelo agendamento das consultas com o oftalmologista, que indicar\u00e1 a necessidade de lentes corretivas.<br> <br>Segundo o diretor de Educa\u00e7\u00e3o, Adilson Pereira, projetos como este demonstram o compromisso das empresas em transformar a realidade local. \u201c\u00c9 importante detectar o quanto antes esses poss\u00edveis problemas de vis\u00e3o, que prejudicam a aprendizagem e o conv\u00edvio desse jovem na escola. Nosso papel \u00e9 olhar para a necessidade de cada um\u201d afirmou.<br>\n\n<!-- galeria:5323 -->","protected":false},"excerpt":{"rendered":"<p>Ser\u00e3o doados cerca de 500 \u00f3culos aos alunos da rede municipal de ensino<\/p>\n","protected":false},"author":5,"featured_media":0,"comment_status":"open","ping_status":"open","sticky":false,"template":"","format":"standard","meta":{"footnotes":""},"categories":[2],"tags":[],"posicao":[],"class_list":["post-12534","post","type-post","status-publish","format-standard","hentry","category-saude"],"_links":{"self":[{"href":"https:\/\/cajamar.sp.gov.br\/noticias\/wp-json\/wp\/v2\/posts\/12534","targetHints":{"allow":["GET"]}}],"collection":[{"href":"https:\/\/cajamar.sp.gov.br\/noticias\/wp-json\/wp\/v2\/posts"}],"about":[{"href":"https:\/\/cajamar.sp.gov.br\/noticias\/wp-json\/wp\/v2\/types\/post"}],"author":[{"embeddable":true,"href":"https:\/\/cajamar.sp.gov.br\/noticias\/wp-json\/wp\/v2\/users\/5"}],"replies":[{"embeddable":true,"href":"https:\/\/cajamar.sp.gov.br\/noticias\/wp-json\/wp\/v2\/comments?post=12534"}],"version-history":[{"count":0,"href":"https:\/\/cajamar.sp.gov.br\/noticias\/wp-json\/wp\/v2\/posts\/12534\/revisions"}],"wp:attachment":[{"href":"https:\/\/cajamar.sp.gov.br\/noticias\/wp-json\/wp\/v2\/media?parent=12534"}],"wp:term":[{"taxonomy":"category","embeddable":true,"href":"https:\/\/cajamar.sp.gov.br\/noticias\/wp-json\/wp\/v2\/categories?post=12534"},{"taxonomy":"post_tag","embeddable":true,"href":"https:\/\/cajamar.sp.gov.br\/noticias\/wp-json\/wp\/v2\/tags?post=12534"},{"taxonomy":"posicao","embeddable":true,"href":"https:\/\/cajamar.sp.gov.br\/noticias\/wp-json\/wp\/v2\/posicao?post=12534"}],"curies":[{"name":"wp","href":"https:\/\/api.w.org\/{rel}","templated":true}]}}