{"id":12558,"date":"2018-11-01T10:21:38","date_gmt":"2018-11-01T13:21:38","guid":{"rendered":"http:\/\/wphomologa.cijun.sp.gov.br\/STIMPREN\/?p=12558"},"modified":"2018-11-01T10:21:38","modified_gmt":"2018-11-01T13:21:38","slug":"ix-conferencia-convencional-dos-direitos-humanos-de-crianca-e-adolescente","status":"publish","type":"post","link":"https:\/\/cajamar.sp.gov.br\/noticias\/2018\/11\/01\/ix-conferencia-convencional-dos-direitos-humanos-de-crianca-e-adolescente\/","title":{"rendered":"IX Confer\u00eancia Convencional dos Direitos Humanos de Crian\u00e7a e Adolescente"},"content":{"rendered":"<!-- id:5347 -->\n\n<div class=\"wp-block-image\">\n<figure class=\"aligncenter\">\n<img decoding=\"async\" src=\"https:\/\/cajamar.sp.gov.br\/wp-content\/uploads\/arquivo\/img5347a.jpg\" \/>\n\n<\/figure>\n<\/div>\n\n\nSer\u00e1 realizado no pr\u00f3ximo dia 9, a IX Confer\u00eancia Convencional dos Direitos Humanos de Crian\u00e7a e Adolescente, com o tema: \u2018\u2018Prote\u00e7\u00e3o Integral,<br><br>Diversidade e Enfrentamento das Viol\u00eancias\u2019\u2019, a partir 13 h, na C\u00e2mara Municipal de Cajamar. <br><br>O Conselho Municipal de Direitos da Crian\u00e7a e do Adolescente de Cajamar (CMDCA), com apoio da Diretoria de Desenvolvimento Social, convida a popula\u00e7\u00e3o e todos os interessados para participarem das discuss\u00f5es, que contar\u00e1 com as presen\u00e7as dos conselheiros e especialistas da \u00e1rea.<br><br>\n\n<!-- galeria:5347 -->","protected":false},"excerpt":{"rendered":"<p>Evento acontece no pr\u00f3ximo dia 9\/11 e discutir\u00e1 o tema: \u2018\u2018Prote\u00e7\u00e3o Integral, Diversidade e Enfrentamento das Viol\u00eancias\u2019\u2019<\/p>\n","protected":false},"author":5,"featured_media":0,"comment_status":"open","ping_status":"open","sticky":false,"template":"","format":"standard","meta":{"footnotes":""},"categories":[4],"tags":[],"posicao":[],"class_list":["post-12558","post","type-post","status-publish","format-standard","hentry","category-social"],"_links":{"self":[{"href":"https:\/\/cajamar.sp.gov.br\/noticias\/wp-json\/wp\/v2\/posts\/12558","targetHints":{"allow":["GET"]}}],"collection":[{"href":"https:\/\/cajamar.sp.gov.br\/noticias\/wp-json\/wp\/v2\/posts"}],"about":[{"href":"https:\/\/cajamar.sp.gov.br\/noticias\/wp-json\/wp\/v2\/types\/post"}],"author":[{"embeddable":true,"href":"https:\/\/cajamar.sp.gov.br\/noticias\/wp-json\/wp\/v2\/users\/5"}],"replies":[{"embeddable":true,"href":"https:\/\/cajamar.sp.gov.br\/noticias\/wp-json\/wp\/v2\/comments?post=12558"}],"version-history":[{"count":0,"href":"https:\/\/cajamar.sp.gov.br\/noticias\/wp-json\/wp\/v2\/posts\/12558\/revisions"}],"wp:attachment":[{"href":"https:\/\/cajamar.sp.gov.br\/noticias\/wp-json\/wp\/v2\/media?parent=12558"}],"wp:term":[{"taxonomy":"category","embeddable":true,"href":"https:\/\/cajamar.sp.gov.br\/noticias\/wp-json\/wp\/v2\/categories?post=12558"},{"taxonomy":"post_tag","embeddable":true,"href":"https:\/\/cajamar.sp.gov.br\/noticias\/wp-json\/wp\/v2\/tags?post=12558"},{"taxonomy":"posicao","embeddable":true,"href":"https:\/\/cajamar.sp.gov.br\/noticias\/wp-json\/wp\/v2\/posicao?post=12558"}],"curies":[{"name":"wp","href":"https:\/\/api.w.org\/{rel}","templated":true}]}}