{"id":12560,"date":"2018-11-01T12:44:03","date_gmt":"2018-11-01T15:44:03","guid":{"rendered":"http:\/\/wphomologa.cijun.sp.gov.br\/STIMPREN\/?p=12560"},"modified":"2018-11-01T12:44:03","modified_gmt":"2018-11-01T15:44:03","slug":"cemiterio-municipal-tera-missas-no-dia-de-finados","status":"publish","type":"post","link":"https:\/\/cajamar.sp.gov.br\/noticias\/2018\/11\/01\/cemiterio-municipal-tera-missas-no-dia-de-finados\/","title":{"rendered":"Cemit\u00e9rio Municipal ter\u00e1 missas no Dia de Finados"},"content":{"rendered":"<!-- id:5349 -->\n\n<div class=\"wp-block-image\">\n<figure class=\"aligncenter\">\n<img decoding=\"async\" src=\"https:\/\/cajamar.sp.gov.br\/wp-content\/uploads\/arquivo\/img5349a.jpg\" \/>\n<figcaption>O Cemit\u00e9rio Municipal estar\u00e1 aberto das 7h \u00e0s 17 horas para receber os visitantes.    <\/figcaption>\n<\/figure>\n<\/div>\n\n\nNesta sexta-feira, Dia de Finados, acontece uma programa\u00e7\u00e3o especial de missas no Cemit\u00e9rio Municipal de Cajamar. <br><br><B>8h \u2013 Missa presidida pelo Padre Juverci P. Siqueira (Matriz S\u00e3o Sebasti\u00e3o)<br>10h \u2013 Missa presidida pelo Padre Genival A. Pessoto (Par\u00f3quia S\u00e3o Paulo Ap\u00f3stolo)<br>15h \u2013 Missa Presidida pelo Padre Ant\u00f4nio Marcos Camargo (Par\u00f3quia S\u00e3o Paulo Ap\u00f3stolo).<\/b><br><br>O Cemit\u00e9rio Municipal estar\u00e1 aberto das 7h \u00e0s 17 horas para receber os visitantes.   <br> <br>A Prefeitura de Cajamar refor\u00e7ou os servi\u00e7os de limpeza no local, como varri\u00e7\u00e3o poda de \u00e1rvores, retirada de galhos e ainda pintura dos muros. Os visitantes devem evitar o uso de recipientes e objetos que acumulam \u00e1gua, para prevenir a prolifera\u00e7\u00e3o do mosquito Ades. <br><br>\n\n<!-- galeria:5349 -->","protected":false},"excerpt":{"rendered":"<p>Cemit\u00e9rio Municipal ter\u00e1 missas no Dia de Finados<\/p>\n","protected":false},"author":5,"featured_media":0,"comment_status":"open","ping_status":"open","sticky":false,"template":"","format":"standard","meta":{"footnotes":""},"categories":[4],"tags":[],"posicao":[],"class_list":["post-12560","post","type-post","status-publish","format-standard","hentry","category-social"],"_links":{"self":[{"href":"https:\/\/cajamar.sp.gov.br\/noticias\/wp-json\/wp\/v2\/posts\/12560","targetHints":{"allow":["GET"]}}],"collection":[{"href":"https:\/\/cajamar.sp.gov.br\/noticias\/wp-json\/wp\/v2\/posts"}],"about":[{"href":"https:\/\/cajamar.sp.gov.br\/noticias\/wp-json\/wp\/v2\/types\/post"}],"author":[{"embeddable":true,"href":"https:\/\/cajamar.sp.gov.br\/noticias\/wp-json\/wp\/v2\/users\/5"}],"replies":[{"embeddable":true,"href":"https:\/\/cajamar.sp.gov.br\/noticias\/wp-json\/wp\/v2\/comments?post=12560"}],"version-history":[{"count":0,"href":"https:\/\/cajamar.sp.gov.br\/noticias\/wp-json\/wp\/v2\/posts\/12560\/revisions"}],"wp:attachment":[{"href":"https:\/\/cajamar.sp.gov.br\/noticias\/wp-json\/wp\/v2\/media?parent=12560"}],"wp:term":[{"taxonomy":"category","embeddable":true,"href":"https:\/\/cajamar.sp.gov.br\/noticias\/wp-json\/wp\/v2\/categories?post=12560"},{"taxonomy":"post_tag","embeddable":true,"href":"https:\/\/cajamar.sp.gov.br\/noticias\/wp-json\/wp\/v2\/tags?post=12560"},{"taxonomy":"posicao","embeddable":true,"href":"https:\/\/cajamar.sp.gov.br\/noticias\/wp-json\/wp\/v2\/posicao?post=12560"}],"curies":[{"name":"wp","href":"https:\/\/api.w.org\/{rel}","templated":true}]}}