{"id":12592,"date":"2018-11-23T15:35:28","date_gmt":"2018-11-23T17:35:28","guid":{"rendered":"http:\/\/wphomologa.cijun.sp.gov.br\/STIMPREN\/?p=12592"},"modified":"2018-11-23T15:35:28","modified_gmt":"2018-11-23T17:35:28","slug":"eurico-misse-assume-o-cargo-de-prefeito-de-cajamar","status":"publish","type":"post","link":"https:\/\/cajamar.sp.gov.br\/noticias\/2018\/11\/23\/eurico-misse-assume-o-cargo-de-prefeito-de-cajamar\/","title":{"rendered":"Eurico Miss\u00e9 assume o cargo de Prefeito de Cajamar"},"content":{"rendered":"<!-- id:5381 -->\n\n<div class=\"wp-block-image\">\n<figure class=\"aligncenter\">\n<img decoding=\"async\" src=\"https:\/\/cajamar.sp.gov.br\/wp-content\/uploads\/arquivo\/img5381a.jpg\" \/>\n<figcaption>Eurico Miss\u00e9 assumiu o cargo de prefeito de Cajamar nesta sexta-feira (23)<\/figcaption>\n<\/figure>\n<\/div>\n\n\nO presidente da C\u00e2mara Municipal de Cajamar, Eurico Miss\u00e9 (DEM), assumiu o cargo de prefeito, interinamente, na tarde desta sexta-feira (23), cumprindo a decis\u00e3o judicial do Tribunal Superior Eleitoral (TSE). <br><br>O comunicado do Cart\u00f3rio Eleitoral de Cajamar foi entregue na Presid\u00eancia da C\u00e2mara Municipal nesta manh\u00e3, juntamente, com a c\u00f3pia do Ac\u00f3rd\u00e3o. <br><br><br><b>Abaixo a \u00edntegra do texto:<\/b><br><br><i>Ex.Senhor Presidente da C\u00e2mara Municipal<br><br>Comunico a Vossa Excel\u00eancia, encaminhando-lhe c\u00f3pia do inteiro teor do Ac\u00f3rd\u00e3o, que o Colendo Tribunal Superior Eleitoral, em 06\/11\/2018, julgou em conjunto o Recurso Especial Eleitoral n\u00ba 361-34.2016.6.26.0354 e a A\u00e7\u00e3o Cautelar n\u00ba 060035973.2017.6.26.000, negando provimento aos recursos e julgando improcedente a a\u00e7\u00e3o cautelar e prejudicada a liminar anteriormente deferida.<br><br>Aproveito para convoc\u00e1-lo para a realiza\u00e7\u00e3o de cerim\u00f4nia de retotaliza\u00e7\u00e3o dos votos das Elei\u00e7\u00f5es 2016, marcada para o dia 26\/11\/2018. \u00c0s 17:30h, na sede do Cart\u00f3rio Eleitoral de Cajamar, localizado na Avenida Arnaldo Rojek, 111 \u2013 Jordan\u00e9sia \u2013 Cajamar\/SP.<br><\/i><br><br><a class=\"arquivoanexo\" target=\"blank\" href=\"https:\/\/www.cajamar.sp.gov.br\/portal\/CONTEUDO\/DEPOSITORIO\/POSSE-PREFEITO\/15%20EURICO%20MARCOS%20MISSE%20-%2023.11.2018.pdf\" rel=\"noopener noreferrer\">Ata de Posse<\/a><br>\n\n<!-- galeria:5381 -->","protected":false},"excerpt":{"rendered":"<p>Posse aconteceu na tarde desta sexta-feira (23)<\/p>\n","protected":false},"author":5,"featured_media":0,"comment_status":"open","ping_status":"open","sticky":false,"template":"","format":"standard","meta":{"footnotes":""},"categories":[1],"tags":[],"posicao":[],"class_list":["post-12592","post","type-post","status-publish","format-standard","hentry","category-noticias"],"_links":{"self":[{"href":"https:\/\/cajamar.sp.gov.br\/noticias\/wp-json\/wp\/v2\/posts\/12592","targetHints":{"allow":["GET"]}}],"collection":[{"href":"https:\/\/cajamar.sp.gov.br\/noticias\/wp-json\/wp\/v2\/posts"}],"about":[{"href":"https:\/\/cajamar.sp.gov.br\/noticias\/wp-json\/wp\/v2\/types\/post"}],"author":[{"embeddable":true,"href":"https:\/\/cajamar.sp.gov.br\/noticias\/wp-json\/wp\/v2\/users\/5"}],"replies":[{"embeddable":true,"href":"https:\/\/cajamar.sp.gov.br\/noticias\/wp-json\/wp\/v2\/comments?post=12592"}],"version-history":[{"count":0,"href":"https:\/\/cajamar.sp.gov.br\/noticias\/wp-json\/wp\/v2\/posts\/12592\/revisions"}],"wp:attachment":[{"href":"https:\/\/cajamar.sp.gov.br\/noticias\/wp-json\/wp\/v2\/media?parent=12592"}],"wp:term":[{"taxonomy":"category","embeddable":true,"href":"https:\/\/cajamar.sp.gov.br\/noticias\/wp-json\/wp\/v2\/categories?post=12592"},{"taxonomy":"post_tag","embeddable":true,"href":"https:\/\/cajamar.sp.gov.br\/noticias\/wp-json\/wp\/v2\/tags?post=12592"},{"taxonomy":"posicao","embeddable":true,"href":"https:\/\/cajamar.sp.gov.br\/noticias\/wp-json\/wp\/v2\/posicao?post=12592"}],"curies":[{"name":"wp","href":"https:\/\/api.w.org\/{rel}","templated":true}]}}